{"id":970,"date":"2018-10-18T15:39:00","date_gmt":"2018-10-18T18:39:00","guid":{"rendered":"http:\/\/blogdoedvaldomagalhaes.com.br\/index.php\/2018\/10\/18\/poetas-nicolas-behr-e-bruna-beber\/"},"modified":"2019-02-09T02:35:28","modified_gmt":"2019-02-09T04:35:28","slug":"poetas-nicolas-behr-e-bruna-beber","status":"publish","type":"post","link":"https:\/\/blogdoedvaldomagalhaes.com.br\/index.php\/2018\/10\/18\/poetas-nicolas-behr-e-bruna-beber\/","title":{"rendered":"Poetas Nicolas Behr e Bruna Beber estar\u00e3o no Sesc Caruaru falando sobre suas viv\u00eancias nesta sexta (19)"},"content":{"rendered":"<div class=\"separator\" style=\"clear: both; text-align: center;\">\n<a href=\"https:\/\/4.bp.blogspot.com\/-cStZiZpBu7c\/W8ipGzb07eI\/AAAAAAAA74M\/jwNPdBCE0KExM9rueWMsj0T4V0nMgMJWACLcBGAs\/s1600\/sesc.JPEG\" imageanchor=\"1\" style=\"margin-left: 1em; margin-right: 1em;\"><img loading=\"lazy\" decoding=\"async\" border=\"0\" data-original-height=\"1600\" data-original-width=\"1600\" height=\"640\" src=\"http:\/\/blogdoedvaldomagalhaes.com.br\/wp-content\/uploads\/2018\/10\/sesc.jpeg\" width=\"640\" \/><\/a><\/div>\n<div class=\"MsoNormal\" style=\"background-color: white; line-height: normal; margin: 0cm 0cm 0.0001pt; text-align: justify;\">\n<\/div>\n<div class=\"MsoNormal\" style=\"background-color: white; line-height: normal; margin: 0cm 0cm 0.0001pt; text-align: justify;\">\nO projeto Arte da Palavra chega a Caruaru nesta sexta (19\/10). Ser\u00e3o dois momentos para discutir a leitura, a literatura, os processos de cria\u00e7\u00e3o e sobre o mundo da conta\u00e7\u00e3o de hist\u00f3rias. \u00c0s 13h, os poetas Nicolas Behr e Bruna Beber estar\u00e3o na Escola Estadual Professora Ad\u00e9lia Leal Dutra e, \u00e0s 20h na Faculdade de Filosofia Ci\u00eancias e Letras (FAFICA). Ambos ter\u00e3o a media\u00e7\u00e3o do professor da FAFICA Manoel \u00c1lvaro e entrada gratuita.<\/div>\n<div class=\"MsoNormal\" style=\"background-color: white; line-height: normal; margin: 0cm 0cm 0.0001pt; text-align: justify;\">\n<\/div>\n<div class=\"MsoNormal\" style=\"background-color: white; line-height: normal; margin: 0cm 0cm 0.0001pt; text-align: justify;\">\nEsta edi\u00e7\u00e3o, que faz parte do circuito de autores, conta com a parceria da FAFICA e da Escola Estadual Ad\u00e9lia Leal Dutra. \u201cOs poetas Nicolas Behr e Bruna Beber ter\u00e3o a oportunidade de contar um pouco de suas experi\u00eancias. Ser\u00e3o momentos importantes de troca de saberes\u201d, comenta o&nbsp;instrutor de atividades art\u00edsticas do Sesc Caruaru, Edson Pedro da Silva.<\/div>\n<div class=\"MsoNormal\" style=\"background-color: white; line-height: normal; margin: 0cm 0cm 0.0001pt; text-align: justify;\">\n<\/div>\n<div style=\"background-clip: initial; background-color: white; background-image: initial; background-origin: initial; background-position: initial; background-repeat: initial; background-size: initial; margin: 0cm 0cm 0.0001pt; text-align: justify;\">\nNicolas Behr&nbsp;foi um dos expoentes da \u201cPoesia Marginal\u201d, express\u00e3o criada para definir a poesia da gera\u00e7\u00e3o mime\u00f3grafo nos anos setenta. Publicou mais de 30 livros, entre eles, \u201cIogurte com farina\u201d (1977), \u201cPorque constru\u00ed Braxilia\u201d (1993), \u201cLaranja Seleta\u201d (2007) e \u201cA teus piolhos\u201d (2014). J\u00e1&nbsp;Bruna Beber \u00e9 poetisa e tradutora. Seus poemas j\u00e1 foram publicados em antologias no Brasil e no exterior. \u00c9 autora dos livros: \u201cA fila sem fim dos dem\u00f4nios descontentes\u201d (2006), \u201crapap\u00e9s e apupos\u201d (2007), \u201cRua da Padaria\u201d (2013) e \u201cLadainha\u201d (2017).<\/div>\n<div style=\"background-clip: initial; background-color: white; background-image: initial; background-origin: initial; background-position: initial; background-repeat: initial; background-size: initial; margin: 0cm 0cm 0.0001pt; text-align: justify;\">\n<\/div>\n<div class=\"MsoNormal\" style=\"background-color: white; line-height: normal; margin: 0cm 0cm 0.0001pt; text-align: justify;\">\n<b>Arte<\/b><b>&nbsp;da&nbsp;<\/b><b>Palavra<\/b><b>&nbsp;\u2013 Rede&nbsp;Sesc&nbsp;de Leituras<\/b>&nbsp;\u2013 o projeto foi lan\u00e7ado em mar\u00e7o de 2017 para atuar em toda a cadeia da literatura, incluindo a forma\u00e7\u00e3o e a divulga\u00e7\u00e3o de novos autores, a valoriza\u00e7\u00e3o das novas formas de produ\u00e7\u00e3o e frui\u00e7\u00e3o liter\u00e1ria,&nbsp;estimulando a divulga\u00e7\u00e3o de autores nas suas diferentes formas de manifesta\u00e7\u00f5es, a fim de promover o interc\u00e2mbio de artistas e a forma\u00e7\u00e3o de leitores, possibilitadas pela emerg\u00eancia de discursos perif\u00e9ricos e a utiliza\u00e7\u00e3o de novas tecnologias.&nbsp;Tr\u00eas tipos de circuito comp\u00f5em o projeto:&nbsp;<b><i>Autores<\/i><\/b>, voltado para a valoriza\u00e7\u00e3o e divulga\u00e7\u00e3o de autores;&nbsp;<b><i>Oralidade<\/i><\/b>, com apresenta\u00e7\u00f5es em que a oralidade \u00e9 privilegiada, voltado para contadores de hist\u00f3rias, saraus e apresenta\u00e7\u00f5es que mesclam poesia com outras manifesta\u00e7\u00f5es&nbsp;art\u00edsticas; e&nbsp;<b><i>Cria\u00e7\u00e3o Liter\u00e1ria<\/i><\/b>, com&nbsp;oficinas liter\u00e1rias de diferentes tem\u00e1ticas para o exerc\u00edcio da pr\u00e1tica da escrita liter\u00e1ria e forma\u00e7\u00e3o de leitores com maior bagagem liter\u00e1ria.<\/div>\n<div style=\"background-clip: initial; background-color: white; background-image: initial; background-origin: initial; background-position: initial; background-repeat: initial; background-size: initial; margin: 0cm 0cm 0.0001pt; text-align: justify;\">\n<\/div>\n<div class=\"MsoNormal\" style=\"background-color: white; line-height: normal; margin: 0cm 0cm 0.0001pt; text-align: justify;\">\n<b>Gratuidade \u2013<\/b>&nbsp;durante o m\u00eas de outubro, todas as unidades do Sesc Pernambuco est\u00e3o oferecendo gratuidade na confec\u00e7\u00e3o ou atualiza\u00e7\u00e3o do cart\u00e3o para trabalhadores do com\u00e9rcio de&nbsp;bens, servi\u00e7os e turismo&nbsp;de comerci\u00e1rios e seus dependentes. Ele oferece descontos nas a\u00e7\u00f5es de educa\u00e7\u00e3o, sa\u00fade, cultura, recrea\u00e7\u00e3o, esporte, turismo e assist\u00eancia social, como hospedagens nos hot\u00e9is do Sesc, espet\u00e1culos, parque aqu\u00e1tico e restaurantes das unidades. O titular pode incluir como dependentes c\u00f4njuge ou companheiro de uni\u00e3o est\u00e1vel, pessoas sob guarda de menores de 21 anos, estudantes com idade at\u00e9 24 anos, pai, m\u00e3e, madrasta, av\u00f3 e av\u00f4. Para fazer a emiss\u00e3o, \u00e9 necess\u00e1rio ir ao Ponto de Atendimento. Para outras informa\u00e7\u00f5es e rela\u00e7\u00e3o dos documentos necess\u00e1rios:&nbsp;<a data-saferedirecturl=\"https:\/\/www.google.com\/url?q=http:\/\/www.sescpe.org.br\/&amp;source=gmail&amp;ust=1539962350123000&amp;usg=AFQjCNHDhOWGKT92U_-XL-l8fFCg2nlAXQ\" href=\"http:\/\/www.sescpe.org.br\/\" target=\"_blank\">www.sescpe.org.br<\/a>.<\/div>\n","protected":false},"excerpt":{"rendered":"<p>O projeto Arte da Palavra chega a Caruaru nesta sexta (19\/10). Ser\u00e3o dois momentos para discutir a leitura, a literatura,&hellip;<\/p>\n","protected":false},"author":1,"featured_media":0,"comment_status":"open","ping_status":"open","sticky":false,"template":"","format":"standard","meta":{"footnotes":""},"categories":[1],"tags":[2,6,917],"class_list":["post-970","post","type-post","status-publish","format-standard","hentry","category-sem-categoria","tag-blog-do-edvaldo-magalhaes","tag-noticias","tag-poetas-nicolas-behr-e-bruna-beber-estarao-no-sesc-caruaru-falando-sobre-suas-vivencias-nesta-sexta-19"],"_links":{"self":[{"href":"https:\/\/blogdoedvaldomagalhaes.com.br\/index.php\/wp-json\/wp\/v2\/posts\/970","targetHints":{"allow":["GET"]}}],"collection":[{"href":"https:\/\/blogdoedvaldomagalhaes.com.br\/index.php\/wp-json\/wp\/v2\/posts"}],"about":[{"href":"https:\/\/blogdoedvaldomagalhaes.com.br\/index.php\/wp-json\/wp\/v2\/types\/post"}],"author":[{"embeddable":true,"href":"https:\/\/blogdoedvaldomagalhaes.com.br\/index.php\/wp-json\/wp\/v2\/users\/1"}],"replies":[{"embeddable":true,"href":"https:\/\/blogdoedvaldomagalhaes.com.br\/index.php\/wp-json\/wp\/v2\/comments?post=970"}],"version-history":[{"count":1,"href":"https:\/\/blogdoedvaldomagalhaes.com.br\/index.php\/wp-json\/wp\/v2\/posts\/970\/revisions"}],"predecessor-version":[{"id":35000,"href":"https:\/\/blogdoedvaldomagalhaes.com.br\/index.php\/wp-json\/wp\/v2\/posts\/970\/revisions\/35000"}],"wp:attachment":[{"href":"https:\/\/blogdoedvaldomagalhaes.com.br\/index.php\/wp-json\/wp\/v2\/media?parent=970"}],"wp:term":[{"taxonomy":"category","embeddable":true,"href":"https:\/\/blogdoedvaldomagalhaes.com.br\/index.php\/wp-json\/wp\/v2\/categories?post=970"},{"taxonomy":"post_tag","embeddable":true,"href":"https:\/\/blogdoedvaldomagalhaes.com.br\/index.php\/wp-json\/wp\/v2\/tags?post=970"}],"curies":[{"name":"wp","href":"https:\/\/api.w.org\/{rel}","templated":true}]}}