{"id":96942,"date":"2023-06-04T12:23:39","date_gmt":"2023-06-04T15:23:39","guid":{"rendered":"https:\/\/blogdoedvaldomagalhaes.com.br\/?p=96942"},"modified":"2023-06-04T12:23:39","modified_gmt":"2023-06-04T15:23:39","slug":"caruaru-vive-hoje-a-1-noite-das-sonoridades-indigenas-atraves-da-propositura-do-vereador-jorge-quintino","status":"publish","type":"post","link":"https:\/\/blogdoedvaldomagalhaes.com.br\/index.php\/2023\/06\/04\/caruaru-vive-hoje-a-1-noite-das-sonoridades-indigenas-atraves-da-propositura-do-vereador-jorge-quintino\/","title":{"rendered":"Caruaru vive hoje a 1\u00b0 Noite das Sonoridades Ind\u00edgenas, atrav\u00e9s da propositura do vereador Jorge Quintino"},"content":{"rendered":"<p style=\"text-align: justify;\"><span style=\"font-size: revert;\">Na noite deste domingo, 4 de junho, Caruaru vai viver um momento hist\u00f3rico e tamb\u00e9m um marco para os povos Origin\u00e1rios do Brasil, a 1\u00b0 Noite das Sonoridades Ind\u00edgenas.<\/span><\/p>\n<p style=\"text-align: justify;\">No in\u00edcio de 2023, o vereador, instituiu o Radar JQ Cultural, este radar \u00e9 um instrumento de monitoramento de oportunidades que tem como objetivo auxiliar os fazedores (as) e trabalhadores (as) da Cultura de Caruaru. Atrav\u00e9s do Radar Cultural JQ foi solicitado uma revis\u00e3o no edital do S\u00e3o Jo\u00e3o de Caruaru em conjunto com 11 etnias do estado de Pernambuco. O vereador, levou um projeto junto com a coordena\u00e7\u00e3o do curso de Licenciatura Intercultural Ind\u00edgena na pessoa do Prof-Dr. Sandro Guimar\u00e3es de Salles e conseguiu trazer este ano a Primeira Noite das Sonoridades Ind\u00edgenas para o S\u00e3o Jo\u00e3o de Caruaru.<\/p>\n<p style=\"text-align: justify;\">\u201cRespeito aos Povos Origin\u00e1rios \u00e9 o m\u00ednimo que podermos demonstrar atrav\u00e9s de nosso mandato, esse \u00e9 um compromisso nosso, esse \u00e9 o primeiro passo, vamos avan\u00e7ar e tornar esse momento como uma pol\u00edtica p\u00fablica em nossa cidade\u201d, destacou o vereador.<\/p>\n<p style=\"text-align: justify;\">O evento acontecer\u00e1 na noite deste domingo (04), \u00e0s 19h, no Polo das Quadrilhas em frente ao Espa\u00e7o Cultural, na Pra\u00e7a da Crian\u00e7a. Foto: \u00a0Vladimir Barreto.<\/p>\n<p style=\"text-align: justify;\">\u00a0Siga o Instagram do Blog @blogdoedvaldomagalhaes<\/p>\n","protected":false},"excerpt":{"rendered":"<p>Na noite deste domingo, 4 de junho, Caruaru vai viver um momento hist\u00f3rico e tamb\u00e9m um marco para os povos&hellip;<\/p>\n","protected":false},"author":1,"featured_media":96943,"comment_status":"closed","ping_status":"open","sticky":false,"template":"","format":"standard","meta":{"footnotes":""},"categories":[14122],"tags":[2,19532,3406,9899],"class_list":["post-96942","post","type-post","status-publish","format-standard","has-post-thumbnail","hentry","category-politica","tag-blog-do-edvaldo-magalhaes","tag-blog-mais-acessado-e-visualizado-de-caruaru-e-regiao","tag-caruaru","tag-jorge-quintino"],"_links":{"self":[{"href":"https:\/\/blogdoedvaldomagalhaes.com.br\/index.php\/wp-json\/wp\/v2\/posts\/96942","targetHints":{"allow":["GET"]}}],"collection":[{"href":"https:\/\/blogdoedvaldomagalhaes.com.br\/index.php\/wp-json\/wp\/v2\/posts"}],"about":[{"href":"https:\/\/blogdoedvaldomagalhaes.com.br\/index.php\/wp-json\/wp\/v2\/types\/post"}],"author":[{"embeddable":true,"href":"https:\/\/blogdoedvaldomagalhaes.com.br\/index.php\/wp-json\/wp\/v2\/users\/1"}],"replies":[{"embeddable":true,"href":"https:\/\/blogdoedvaldomagalhaes.com.br\/index.php\/wp-json\/wp\/v2\/comments?post=96942"}],"version-history":[{"count":1,"href":"https:\/\/blogdoedvaldomagalhaes.com.br\/index.php\/wp-json\/wp\/v2\/posts\/96942\/revisions"}],"predecessor-version":[{"id":96944,"href":"https:\/\/blogdoedvaldomagalhaes.com.br\/index.php\/wp-json\/wp\/v2\/posts\/96942\/revisions\/96944"}],"wp:featuredmedia":[{"embeddable":true,"href":"https:\/\/blogdoedvaldomagalhaes.com.br\/index.php\/wp-json\/wp\/v2\/media\/96943"}],"wp:attachment":[{"href":"https:\/\/blogdoedvaldomagalhaes.com.br\/index.php\/wp-json\/wp\/v2\/media?parent=96942"}],"wp:term":[{"taxonomy":"category","embeddable":true,"href":"https:\/\/blogdoedvaldomagalhaes.com.br\/index.php\/wp-json\/wp\/v2\/categories?post=96942"},{"taxonomy":"post_tag","embeddable":true,"href":"https:\/\/blogdoedvaldomagalhaes.com.br\/index.php\/wp-json\/wp\/v2\/tags?post=96942"}],"curies":[{"name":"wp","href":"https:\/\/api.w.org\/{rel}","templated":true}]}}