{"id":96936,"date":"2023-06-03T16:06:52","date_gmt":"2023-06-03T19:06:52","guid":{"rendered":"https:\/\/blogdoedvaldomagalhaes.com.br\/?p=96936"},"modified":"2023-06-05T21:05:11","modified_gmt":"2023-06-06T00:05:11","slug":"confira-horarios-dos-shows-no-sao-joao-de-caruaru-neste-sabado-3","status":"publish","type":"post","link":"https:\/\/blogdoedvaldomagalhaes.com.br\/index.php\/2023\/06\/03\/confira-horarios-dos-shows-no-sao-joao-de-caruaru-neste-sabado-3\/","title":{"rendered":"Confira hor\u00e1rios dos shows no S\u00e3o Jo\u00e3o de Caruaru neste s\u00e1bado (3)"},"content":{"rendered":"<p style=\"text-align: justify;\">Confira os shows e hor\u00e1rios do S\u00e3o Jo\u00e3o 2023 de Caruaru, neste s\u00e1bado (03.06), em todos os polos de anima\u00e7\u00e3o:<\/p>\n<div class=\"content-intertitle\" style=\"text-align: justify;\">\n<h2>P\u00e1tio de eventos Luiz Gonzaga com transmiss\u00e3o ao vivo pelo You Tube e Facebook do Blog do Edvaldo Magalh\u00e3es<\/h2>\n<\/div>\n<div id=\"chunk-dppfa\" style=\"text-align: justify;\">\n<p><strong>S\u00e1bado (3)<\/strong><\/p>\n<\/div>\n<div id=\"chunk-2hc2o\" style=\"text-align: justify;\">\n<p>18h30 \u2013 Orquestra de P\u00edfanos de Caruaru \u2013 Maestro Mozart Vieira<br>\n20h \u2013 Santanna, o Cantador<br>\n22h \u2013 Ivete Sangalo<br>\n00h \u2013 Elba Ramalho<\/p>\n<\/div>\n<div class=\"content-intertitle\" style=\"text-align: justify;\">\n<h2><strong>Polo do Repente<\/strong><\/h2>\n<\/div>\n<div id=\"chunk-9v0ov\" style=\"text-align: justify;\">\n<p><strong>S\u00e1bado (3)<\/strong><\/p>\n<\/div>\n<div id=\"chunk-9g5ib\" style=\"text-align: justify;\">\n<p style=\"text-align: justify;\">19h \u2013 Aula de espet\u00e1culo sobre os homenageados do S\u00e3o Jo\u00e3o de Caruaru 2023 com Professor Jos\u00e9 Urbano<br>\n19h30 \u2013 Dupla de emboladores de coco: Barra Mansa e Caetano e Caetano da Ingazeira<br>\n20h10 \u2013 Declama\u00e7\u00e3o de poesias com: J\u00e9nerson Alves, Dorge Tabosa e Pedro Poeta<br>\n21h10 \u2013 Dupla de Repentistas Hip\u00f3lito Moura e Luciano Leonel<br>\n23h \u2013 Dupla de aboiadores: Zito Alves e Ant\u00f4nio Barbosa<br>\n23 h40 \u2013 Grupo Forr\u00f3 Cordel<\/p>\n<\/div>\n<div class=\"content-intertitle\" style=\"text-align: justify;\">\n<h2><strong>Polo das Quadrilhas<\/strong><\/h2>\n<\/div>\n<div id=\"chunk-54t3\" style=\"text-align: justify;\">\n<p><strong>S\u00e1bado (3)<\/strong><\/p>\n<\/div>\n<div id=\"chunk-82qma\">\n<p style=\"text-align: justify;\">19h \u2013 Grupo cultural Viva a Arte<br>\n20h \u2013 Molecodrilha<br>\n22h \u2013 Boi Mimoso<br>\n23 \u2013 Quadrilha Junina Dona Sinh\u00e1<br>\n00h \u2013 Quadrilha Junina Brincantes do Sert\u00e3o<br>\n1h \u2013 Cuia de Dan\u00e7a Fl\u00e1vio Barbosa<\/p>\n<div class=\"content-intertitle\" style=\"text-align: justify;\">\n<h2>Palco 360\u00b0<\/h2>\n<\/div>\n<div id=\"chunk-8efco\" style=\"text-align: justify;\">\n<p><strong>S\u00e1bado (3)<\/strong><\/p>\n<\/div>\n<div id=\"chunk-3fpsl\" style=\"text-align: justify;\">\n<p>19h \u2013 Trio Tabajara<br>\n21h30 \u2013 Baby Cantora<br>\n23h30 \u2013 Forr\u00f3 na M\u00eddia<\/p>\n<\/div>\n<div class=\"content-intertitle\" style=\"text-align: justify;\">\n<h2>Polo Juarez Santiago<\/h2>\n<\/div>\n<div id=\"chunk-as71q\" style=\"text-align: justify;\">\n<p><strong>S\u00e1bado (3)<\/strong><\/p>\n<\/div>\n<div id=\"chunk-72dli\" style=\"text-align: justify;\">\n<p>19h \u2013 Trio Boa Sorte<br>\n20h10 \u2013 Trio Buscap\u00e9<br>\n21h20 \u2013 Trio Bom Jesus<br>\n22h30 \u2013 Trio Santa Rosa<br>\n23h40 \u2013 Trio Caruru<br>\n00h50 \u2013 Kak\u00e1 Kantarelli<\/p>\n<\/div>\n<div class=\"content-intertitle\" style=\"text-align: justify;\">\n<h2>Polo Infantil<\/h2>\n<\/div>\n<div id=\"chunk-8v16c\" style=\"text-align: justify;\">\n<p><strong>S\u00e1bado (3)<\/strong><\/p>\n<\/div>\n<div id=\"chunk-ffmao\" style=\"text-align: justify;\">\n<p>16h \u2013 Recrea\u00e7\u00e3o \u2013 Turma da Kika<br>\n17h \u2013 Trupe Gargalhada \u2013 G\u00eanicas<br>\n18h \u2013 Mateus e Katilinda<\/p>\n<\/div>\n<div class=\"content-intertitle\" style=\"text-align: justify;\">\n<h2>Casa Rosa<\/h2>\n<\/div>\n<div id=\"chunk-e7c6r\" style=\"text-align: justify;\">\n<p><strong>S\u00e1bado (3)<\/strong><\/p>\n<\/div>\n<div id=\"chunk-ccogd\">\n<p style=\"text-align: justify;\">11h \u2013 Genaro Almeida<br>\n13h \u2013 Os Vitalinos de Caruaru<br>\n15h30 \u2013 Fael Mariz<\/p>\n<p style=\"text-align: justify;\">Siga o Instagram do Blog @blogdoedvaldomagalhaes<\/p>\n<p style=\"text-align: justify;\">Foto: Reprodu\u00e7\u00e3o\/Instagram.<\/p>\n<\/div>\n<\/div>\n\n\n<figure class=\"wp-block-image size-full\"><img loading=\"lazy\" decoding=\"async\" width=\"911\" height=\"907\" src=\"https:\/\/blogdoedvaldomagalhaes.com.br\/wp-content\/uploads\/2023\/06\/IMG-20230531-WA0162.jpg\" alt=\"\" class=\"wp-image-97026\" srcset=\"https:\/\/blogdoedvaldomagalhaes.com.br\/wp-content\/uploads\/2023\/06\/IMG-20230531-WA0162.jpg 911w, https:\/\/blogdoedvaldomagalhaes.com.br\/wp-content\/uploads\/2023\/06\/IMG-20230531-WA0162-300x300.jpg 300w, https:\/\/blogdoedvaldomagalhaes.com.br\/wp-content\/uploads\/2023\/06\/IMG-20230531-WA0162-150x150.jpg 150w, https:\/\/blogdoedvaldomagalhaes.com.br\/wp-content\/uploads\/2023\/06\/IMG-20230531-WA0162-768x765.jpg 768w\" sizes=\"auto, (max-width: 911px) 100vw, 911px\" \/><\/figure>\n\n\n\n<figure class=\"wp-block-image size-large\"><img loading=\"lazy\" decoding=\"async\" width=\"1024\" height=\"576\" src=\"https:\/\/blogdoedvaldomagalhaes.com.br\/wp-content\/uploads\/2023\/06\/IMG-20230508-WA0128-1024x576.jpg\" alt=\"\" class=\"wp-image-97022\" srcset=\"https:\/\/blogdoedvaldomagalhaes.com.br\/wp-content\/uploads\/2023\/06\/IMG-20230508-WA0128-1024x576.jpg 1024w, https:\/\/blogdoedvaldomagalhaes.com.br\/wp-content\/uploads\/2023\/06\/IMG-20230508-WA0128-300x169.jpg 300w, https:\/\/blogdoedvaldomagalhaes.com.br\/wp-content\/uploads\/2023\/06\/IMG-20230508-WA0128-768x432.jpg 768w, https:\/\/blogdoedvaldomagalhaes.com.br\/wp-content\/uploads\/2023\/06\/IMG-20230508-WA0128-1536x864.jpg 1536w, https:\/\/blogdoedvaldomagalhaes.com.br\/wp-content\/uploads\/2023\/06\/IMG-20230508-WA0128-1140x641.jpg 1140w, https:\/\/blogdoedvaldomagalhaes.com.br\/wp-content\/uploads\/2023\/06\/IMG-20230508-WA0128-720x405.jpg 720w, https:\/\/blogdoedvaldomagalhaes.com.br\/wp-content\/uploads\/2023\/06\/IMG-20230508-WA0128.jpg 1600w\" sizes=\"auto, (max-width: 1024px) 100vw, 1024px\" \/><\/figure>\n\n\n\n<figure class=\"wp-block-image size-large\"><img loading=\"lazy\" decoding=\"async\" width=\"1024\" height=\"1011\" src=\"https:\/\/blogdoedvaldomagalhaes.com.br\/wp-content\/uploads\/2023\/06\/IMG-20230604-WA0034-1024x1011.jpg\" alt=\"\" class=\"wp-image-97021\" srcset=\"https:\/\/blogdoedvaldomagalhaes.com.br\/wp-content\/uploads\/2023\/06\/IMG-20230604-WA0034-1024x1011.jpg 1024w, https:\/\/blogdoedvaldomagalhaes.com.br\/wp-content\/uploads\/2023\/06\/IMG-20230604-WA0034-300x296.jpg 300w, https:\/\/blogdoedvaldomagalhaes.com.br\/wp-content\/uploads\/2023\/06\/IMG-20230604-WA0034-768x758.jpg 768w, https:\/\/blogdoedvaldomagalhaes.com.br\/wp-content\/uploads\/2023\/06\/IMG-20230604-WA0034.jpg 1284w\" sizes=\"auto, (max-width: 1024px) 100vw, 1024px\" \/><\/figure>\n\n\n\n<figure class=\"wp-block-image size-full\"><img loading=\"lazy\" decoding=\"async\" width=\"900\" height=\"900\" src=\"https:\/\/blogdoedvaldomagalhaes.com.br\/wp-content\/uploads\/2023\/06\/IMG-20230603-WA0040.jpg\" alt=\"\" class=\"wp-image-97027\" srcset=\"https:\/\/blogdoedvaldomagalhaes.com.br\/wp-content\/uploads\/2023\/06\/IMG-20230603-WA0040.jpg 900w, https:\/\/blogdoedvaldomagalhaes.com.br\/wp-content\/uploads\/2023\/06\/IMG-20230603-WA0040-300x300.jpg 300w, https:\/\/blogdoedvaldomagalhaes.com.br\/wp-content\/uploads\/2023\/06\/IMG-20230603-WA0040-150x150.jpg 150w, https:\/\/blogdoedvaldomagalhaes.com.br\/wp-content\/uploads\/2023\/06\/IMG-20230603-WA0040-768x768.jpg 768w\" sizes=\"auto, (max-width: 900px) 100vw, 900px\" \/><\/figure>\n","protected":false},"excerpt":{"rendered":"<p>Confira os shows e hor\u00e1rios do S\u00e3o Jo\u00e3o 2023 de Caruaru, neste s\u00e1bado (03.06), em todos os polos de anima\u00e7\u00e3o:&hellip;<\/p>\n","protected":false},"author":1,"featured_media":96938,"comment_status":"closed","ping_status":"open","sticky":false,"template":"","format":"standard","meta":{"footnotes":""},"categories":[14120],"tags":[2,19532,3406,27714],"class_list":["post-96936","post","type-post","status-publish","format-standard","has-post-thumbnail","hentry","category-noticias","tag-blog-do-edvaldo-magalhaes","tag-blog-mais-acessado-e-visualizado-de-caruaru-e-regiao","tag-caruaru","tag-confira-horarios-dos-shows-no-sao-joao-de-caruaru-sabado-3-e-domingo-4"],"_links":{"self":[{"href":"https:\/\/blogdoedvaldomagalhaes.com.br\/index.php\/wp-json\/wp\/v2\/posts\/96936","targetHints":{"allow":["GET"]}}],"collection":[{"href":"https:\/\/blogdoedvaldomagalhaes.com.br\/index.php\/wp-json\/wp\/v2\/posts"}],"about":[{"href":"https:\/\/blogdoedvaldomagalhaes.com.br\/index.php\/wp-json\/wp\/v2\/types\/post"}],"author":[{"embeddable":true,"href":"https:\/\/blogdoedvaldomagalhaes.com.br\/index.php\/wp-json\/wp\/v2\/users\/1"}],"replies":[{"embeddable":true,"href":"https:\/\/blogdoedvaldomagalhaes.com.br\/index.php\/wp-json\/wp\/v2\/comments?post=96936"}],"version-history":[{"count":4,"href":"https:\/\/blogdoedvaldomagalhaes.com.br\/index.php\/wp-json\/wp\/v2\/posts\/96936\/revisions"}],"predecessor-version":[{"id":97029,"href":"https:\/\/blogdoedvaldomagalhaes.com.br\/index.php\/wp-json\/wp\/v2\/posts\/96936\/revisions\/97029"}],"wp:featuredmedia":[{"embeddable":true,"href":"https:\/\/blogdoedvaldomagalhaes.com.br\/index.php\/wp-json\/wp\/v2\/media\/96938"}],"wp:attachment":[{"href":"https:\/\/blogdoedvaldomagalhaes.com.br\/index.php\/wp-json\/wp\/v2\/media?parent=96936"}],"wp:term":[{"taxonomy":"category","embeddable":true,"href":"https:\/\/blogdoedvaldomagalhaes.com.br\/index.php\/wp-json\/wp\/v2\/categories?post=96936"},{"taxonomy":"post_tag","embeddable":true,"href":"https:\/\/blogdoedvaldomagalhaes.com.br\/index.php\/wp-json\/wp\/v2\/tags?post=96936"}],"curies":[{"name":"wp","href":"https:\/\/api.w.org\/{rel}","templated":true}]}}