{"id":96923,"date":"2023-06-03T15:36:25","date_gmt":"2023-06-03T18:36:25","guid":{"rendered":"https:\/\/blogdoedvaldomagalhaes.com.br\/?p=96923"},"modified":"2023-06-03T15:56:09","modified_gmt":"2023-06-03T18:56:09","slug":"homem-e-encontrado-morto-e-seminu-em-caruaru","status":"publish","type":"post","link":"https:\/\/blogdoedvaldomagalhaes.com.br\/index.php\/2023\/06\/03\/homem-e-encontrado-morto-e-seminu-em-caruaru\/","title":{"rendered":"Homem \u00e9 encontrado morto e seminu em Caruaru"},"content":{"rendered":"<p style=\"text-align: justify;\">Na manh\u00e3 deste s\u00e1bado (03), pol\u00edcias do 4\u00ba BPM, encontraram o corpo de um homem seminu (sem as roupas da parte inferior), em uma varanda de uma casa desocupada na avenida Jos\u00e9 Rodrigues de Jesus, no bairro Indian\u00f3polis, em Caruaru. A <span style=\"font-size: revert; color: initial;\">v\u00edtima foi o morador de rua, Josenildo Jord\u00e3o da Silva, 39 anos de idade, que foi assassinado com pancadas na cabe\u00e7a\u00a0<\/span><\/p>\n<p style=\"text-align: justify;\">Segundo informa\u00e7\u00f5es, a v\u00edtima foi vista consumindo bebida alco\u00f3lica durante a noite e dormia nesse local. Moradores afirmaram que os benefici\u00e1rios do albergue municipal vivem reunidos nesse local.<\/p>\n<p style=\"text-align: justify;\">Esse foi o 1\u00b0 homic\u00eddio no m\u00eas de junho, e o 65\u00ba no ano de 2023, em Caruaru. O corpo foi encaminhado para o IML local. Fotos: Adielson Galv\u00e3o.<\/p>\n<p style=\"text-align: justify;\">Siga o Instagram do Blog @blogdoedvaldomagalhaes<\/p>\n\n\n<figure class=\"wp-block-image size-full is-resized\"><img loading=\"lazy\" decoding=\"async\" src=\"https:\/\/blogdoedvaldomagalhaes.com.br\/wp-content\/uploads\/2023\/06\/FB_IMG_1685818044027.jpg\" alt=\"\" class=\"wp-image-96931\" width=\"342\" height=\"429\" srcset=\"https:\/\/blogdoedvaldomagalhaes.com.br\/wp-content\/uploads\/2023\/06\/FB_IMG_1685818044027.jpg 320w, https:\/\/blogdoedvaldomagalhaes.com.br\/wp-content\/uploads\/2023\/06\/FB_IMG_1685818044027-239x300.jpg 239w\" sizes=\"auto, (max-width: 342px) 100vw, 342px\" \/><figcaption class=\"wp-element-caption\">Josenildo Jord\u00e3o da Silva <\/figcaption><\/figure>\n","protected":false},"excerpt":{"rendered":"<p>Na manh\u00e3 deste s\u00e1bado (03), pol\u00edcias do 4\u00ba BPM, encontraram o corpo de um homem seminu (sem as roupas da&hellip;<\/p>\n","protected":false},"author":1,"featured_media":96932,"comment_status":"closed","ping_status":"open","sticky":false,"template":"","format":"standard","meta":{"footnotes":""},"categories":[14121],"tags":[2,19532,3406,27713,5448],"class_list":["post-96923","post","type-post","status-publish","format-standard","has-post-thumbnail","hentry","category-policial","tag-blog-do-edvaldo-magalhaes","tag-blog-mais-acessado-e-visualizado-de-caruaru-e-regiao","tag-caruaru","tag-homem-e-encontrado-morto-e-seminu-em-caruaru","tag-homicidio"],"_links":{"self":[{"href":"https:\/\/blogdoedvaldomagalhaes.com.br\/index.php\/wp-json\/wp\/v2\/posts\/96923","targetHints":{"allow":["GET"]}}],"collection":[{"href":"https:\/\/blogdoedvaldomagalhaes.com.br\/index.php\/wp-json\/wp\/v2\/posts"}],"about":[{"href":"https:\/\/blogdoedvaldomagalhaes.com.br\/index.php\/wp-json\/wp\/v2\/types\/post"}],"author":[{"embeddable":true,"href":"https:\/\/blogdoedvaldomagalhaes.com.br\/index.php\/wp-json\/wp\/v2\/users\/1"}],"replies":[{"embeddable":true,"href":"https:\/\/blogdoedvaldomagalhaes.com.br\/index.php\/wp-json\/wp\/v2\/comments?post=96923"}],"version-history":[{"count":5,"href":"https:\/\/blogdoedvaldomagalhaes.com.br\/index.php\/wp-json\/wp\/v2\/posts\/96923\/revisions"}],"predecessor-version":[{"id":96935,"href":"https:\/\/blogdoedvaldomagalhaes.com.br\/index.php\/wp-json\/wp\/v2\/posts\/96923\/revisions\/96935"}],"wp:featuredmedia":[{"embeddable":true,"href":"https:\/\/blogdoedvaldomagalhaes.com.br\/index.php\/wp-json\/wp\/v2\/media\/96932"}],"wp:attachment":[{"href":"https:\/\/blogdoedvaldomagalhaes.com.br\/index.php\/wp-json\/wp\/v2\/media?parent=96923"}],"wp:term":[{"taxonomy":"category","embeddable":true,"href":"https:\/\/blogdoedvaldomagalhaes.com.br\/index.php\/wp-json\/wp\/v2\/categories?post=96923"},{"taxonomy":"post_tag","embeddable":true,"href":"https:\/\/blogdoedvaldomagalhaes.com.br\/index.php\/wp-json\/wp\/v2\/tags?post=96923"}],"curies":[{"name":"wp","href":"https:\/\/api.w.org\/{rel}","templated":true}]}}