{"id":96920,"date":"2023-06-03T15:19:49","date_gmt":"2023-06-03T18:19:49","guid":{"rendered":"https:\/\/blogdoedvaldomagalhaes.com.br\/?p=96920"},"modified":"2023-06-03T15:19:50","modified_gmt":"2023-06-03T18:19:50","slug":"mulheres-contam-com-total-apoio-e-acolhimento-no-sao-joao-de-caruaru","status":"publish","type":"post","link":"https:\/\/blogdoedvaldomagalhaes.com.br\/index.php\/2023\/06\/03\/mulheres-contam-com-total-apoio-e-acolhimento-no-sao-joao-de-caruaru\/","title":{"rendered":"Mulheres contam com total apoio e acolhimento no S\u00e3o Jo\u00e3o de Caruaru"},"content":{"rendered":"<p style=\"text-align: justify;\"><span style=\"color: initial; font-size: revert;\">A Secretaria de Pol\u00edticas para Mulheres (SPM), vai realizar diversas a\u00e7\u00f5es para as mulheres durante o Maior e Melhor S\u00e3o Jo\u00e3o do Mundo, que neste ano vai de 03 de junho a 1\u00ba de julho. As atividades tamb\u00e9m est\u00e3o acontecendo no S\u00e3o Jo\u00e3o da Ro\u00e7a desde o dia 28 de abril.<\/span><\/p>\n<p style=\"text-align: justify;\">A Casa da Mulher, localizada logo na entrada do Polo da Esta\u00e7\u00e3o, vai funcionar como um ponto de apoio para mulheres. L\u00e1 as forrozeiras v\u00e3o encontrar espa\u00e7o para amamenta\u00e7\u00e3o e frald\u00e1rio; banheiro para mulheres com defici\u00eancia e idosas; guias e int\u00e9rpretes de libras e bil\u00edngues.<\/p>\n<p style=\"text-align: justify;\">Ainda no Polo da Esta\u00e7\u00e3o, a Feira da Mulher Empreendedora de S\u00e3o Jo\u00e3o, que este ano vai contar com 25 barracas e 80 mulheres, funcionar\u00e1 das 18h \u00e0 meia noite. Nela, os turistas encontrar\u00e3o diversos artigos produzidos pelas Mulheres Empreendedoras, como artesanato, moda e gastronomia.<\/p>\n<p style=\"text-align: justify;\">No P\u00e1tio de Eventos Luiz Lua Gonzaga, ponto alto da maior festa do interior do Nordeste, a SPM estar\u00e1 no Centro de Opera\u00e7\u00f5es Institucionais (COI), com um ponto de apoio para as mulheres que precisem de aux\u00edlio, tanto em casos de viol\u00eancia como em outros, com uma equipe do Centro de Refer\u00eancia da Mulher Maria Neuma da Silva Lira (CRM). A SPM estar\u00e1 localizada ao lado do posto avan\u00e7ado da Delegacia Especializada de Atendimento a Mulher (Deam), que pela primeira vez ser\u00e1 instalado no S\u00e3o Jo\u00e3o de Caruaru.<\/p>\n<p style=\"text-align: justify;\">Al\u00e9m dos pontos espec\u00edficos, a SPM estar\u00e1 em todos os polos do S\u00e3o Jo\u00e3o de Caruaru com campanhas de enfrentamento a viol\u00eancia contra a mulher; adesiva\u00e7\u00e3o do N\u00e3o \u00e9 N\u00e3o; distribui\u00e7\u00e3o de leques e panfletos contendo informa\u00e7\u00f5es \u00fateis, objetivando ofertar apoio \u00e0s mulheres caruaruenses e turistas; entre outras atividades.<\/p>\n<p style=\"text-align: justify;\">A Secretaria de Pol\u00edticas para Mulheres fica na Rua dos Expedicion\u00e1rios, 30, Centro. Outras informa\u00e7\u00f5es sobre os servi\u00e7os oferecidos podem ser obtidas pelo 9 8384 &#8211; 2954.<\/p>\n<p style=\"text-align: justify;\">Siga o Instagram do Blog @blogdoedvaldomagalhaes<\/p>\n","protected":false},"excerpt":{"rendered":"<p>A Secretaria de Pol\u00edticas para Mulheres (SPM), vai realizar diversas a\u00e7\u00f5es para as mulheres durante o Maior e Melhor S\u00e3o&hellip;<\/p>\n","protected":false},"author":1,"featured_media":96921,"comment_status":"closed","ping_status":"open","sticky":false,"template":"","format":"standard","meta":{"footnotes":""},"categories":[14120],"tags":[2,19532,3406,27712],"class_list":["post-96920","post","type-post","status-publish","format-standard","has-post-thumbnail","hentry","category-noticias","tag-blog-do-edvaldo-magalhaes","tag-blog-mais-acessado-e-visualizado-de-caruaru-e-regiao","tag-caruaru","tag-mulheres-contam-com-total-apoio-e-acolhimento-no-sao-joao-de-caruaru"],"_links":{"self":[{"href":"https:\/\/blogdoedvaldomagalhaes.com.br\/index.php\/wp-json\/wp\/v2\/posts\/96920","targetHints":{"allow":["GET"]}}],"collection":[{"href":"https:\/\/blogdoedvaldomagalhaes.com.br\/index.php\/wp-json\/wp\/v2\/posts"}],"about":[{"href":"https:\/\/blogdoedvaldomagalhaes.com.br\/index.php\/wp-json\/wp\/v2\/types\/post"}],"author":[{"embeddable":true,"href":"https:\/\/blogdoedvaldomagalhaes.com.br\/index.php\/wp-json\/wp\/v2\/users\/1"}],"replies":[{"embeddable":true,"href":"https:\/\/blogdoedvaldomagalhaes.com.br\/index.php\/wp-json\/wp\/v2\/comments?post=96920"}],"version-history":[{"count":1,"href":"https:\/\/blogdoedvaldomagalhaes.com.br\/index.php\/wp-json\/wp\/v2\/posts\/96920\/revisions"}],"predecessor-version":[{"id":96922,"href":"https:\/\/blogdoedvaldomagalhaes.com.br\/index.php\/wp-json\/wp\/v2\/posts\/96920\/revisions\/96922"}],"wp:featuredmedia":[{"embeddable":true,"href":"https:\/\/blogdoedvaldomagalhaes.com.br\/index.php\/wp-json\/wp\/v2\/media\/96921"}],"wp:attachment":[{"href":"https:\/\/blogdoedvaldomagalhaes.com.br\/index.php\/wp-json\/wp\/v2\/media?parent=96920"}],"wp:term":[{"taxonomy":"category","embeddable":true,"href":"https:\/\/blogdoedvaldomagalhaes.com.br\/index.php\/wp-json\/wp\/v2\/categories?post=96920"},{"taxonomy":"post_tag","embeddable":true,"href":"https:\/\/blogdoedvaldomagalhaes.com.br\/index.php\/wp-json\/wp\/v2\/tags?post=96920"}],"curies":[{"name":"wp","href":"https:\/\/api.w.org\/{rel}","templated":true}]}}