{"id":96917,"date":"2023-06-03T15:11:00","date_gmt":"2023-06-03T18:11:00","guid":{"rendered":"https:\/\/blogdoedvaldomagalhaes.com.br\/?p=96917"},"modified":"2023-06-03T15:11:01","modified_gmt":"2023-06-03T18:11:01","slug":"sesc-participa-do-sao-joao-de-caruaru-acoes-recreativas-e-culturais-em-dois-polos-de-animacao","status":"publish","type":"post","link":"https:\/\/blogdoedvaldomagalhaes.com.br\/index.php\/2023\/06\/03\/sesc-participa-do-sao-joao-de-caruaru-acoes-recreativas-e-culturais-em-dois-polos-de-animacao\/","title":{"rendered":"Sesc participa do S\u00e3o Jo\u00e3o de Caruaru\u00a0a\u00e7\u00f5es recreativas e culturais em dois polos de anima\u00e7\u00e3o"},"content":{"rendered":"<p style=\"text-align: justify;\">O Sesc vai participar das atividades recreativas e culturais do S\u00e3o Jo\u00e3o 2023 de Caruaru, que come\u00e7a, oficialmente, neste s\u00e1bado (3\/06). A unidade promove a\u00e7\u00f5es no Polo Infantil, localizado na Pra\u00e7a da Crian\u00e7a, em frente ao Espa\u00e7o Cultural Tancredo Neves, e no Polo Repente, que fica na Vila do Forr\u00f3, na Esta\u00e7\u00e3o Ferrovi\u00e1ria.<\/p>\n<p>\u201cGra\u00e7as a uma parceria com a Prefeitura de Caruaru, atrav\u00e9s da Funda\u00e7\u00e3o de Cultura, viabilizamos uma programa\u00e7\u00e3o que, certamente, reflete as tradi\u00e7\u00f5es e costumes que o nordestino vivencia durante o per\u00edodo junino e valoriza as nossas manifesta\u00e7\u00f5es culturais\u201d, afirma Concei\u00e7\u00e3o de Paulo, gerente do Sesc Caruaru.<\/p>\n<p>A programa\u00e7\u00e3o no Polo Infantil, voltada para toda a fam\u00edlia, vai acontecer nos dias 4, 11, 17, 18, 22, 24 e 25, sempre das 14h \u00e0s 16h. L\u00e1, vai ter brincadeiras populares, oficinas de adere\u00e7os juninos, gincanas, conta\u00e7\u00e3o de hist\u00f3rias, pintura de rosto matuta e apresenta\u00e7\u00e3o de fantoches. Tudo gratuito.<\/p>\n<p>Para o Polo Repente, o Sesc vai levar a\u00e7\u00f5es de valoriza\u00e7\u00e3o \u00e0 Literatura de Cordel, nos dias 10, 11, 18, 24 e 25. As atividades incluem um bate-papo sobre o projeto \u201cLeia Cordel\u201d, no dia 10, \u00e0s 16h, e uma oficina de forr\u00f3 para iniciantes, direcionada ao p\u00fablico adulto, no dia 11, com a professora V\u00e2nia Patr\u00edcio, das 16h \u00e0s 17h30.<\/p>\n<p>Tem ainda a roda de conversa \u201cMulheres no Cordel\u201d, no dia 18, a partir das 16h; o lan\u00e7amento do livro \u201cSementes da Poesia\u201d, de Pedro Poeta, no dia 24, \u00e0s 16h; e uma apresenta\u00e7\u00e3o do declamador Naldo Ven\u00e2ncio, no dia 25, das 16h \u00e0s 18h. Todas as atividades tamb\u00e9m s\u00e3o gratuitas.<\/p>\n<p>_*Programa\u00e7\u00e3o*_<\/p>\n<p>Polo Infantil<br \/>\ndas 14h \u00e0s 16h (entrada gratuita)<br \/>\n04\/06 | Oficina de adere\u00e7os juninos, pintura de rosto matuta e brincadeiras populares<br \/>\n11\/06 | Brincadeiras populares, oficinas juninas e pintura de rosto matuta<br \/>\n17\/06 | Conto junino, brincadeiras populares, oficina de adere\u00e7o junino e pintura rosto matuta<br \/>\n18\/06 | Brincadeiras populares, pintura de rosto matuta e arrasta-p\u00e9<br \/>\n22\/06 | Brincadeiras populares, oficinas juninas e pintura de rosto matuta<br \/>\n24\/06 | Oficina de adere\u00e7os juninos, brincadeiras populares e pintura de rosto matuta<br \/>\n25\/06 | Apresenta\u00e7\u00e3o de fantoches, pintura de rosto matuta e brincadeiras populares<\/p>\n<p>Polo Repente<br \/>\na partir das 16h (entrada gratuita)<br \/>\n10\/06 | Bate-papo sobre o projeto \u201cLeia Cordel\u201d<br \/>\n11\/06 | Oficina de forr\u00f3 para iniciantes<br \/>\n18\/06 | Roda de conversa \u201cMulheres no Cordel\u201d<br \/>\n24\/06 | Lan\u00e7amento do livro \u201cSementes de Poesia\u201d, de Paulo Poeta<br \/>\n25\/06 | Apresenta\u00e7\u00e3o do declamador Naldo Ven\u00e2ncio.<\/p>\n<p style=\"text-align: justify;\">Foto: Elvis \u00c9dson.<\/p>\n<p style=\"text-align: justify;\">Siga o Instagram do Blog @blogdoedvaldomagalhaes<\/p>\n","protected":false},"excerpt":{"rendered":"<p>O Sesc vai participar das atividades recreativas e culturais do S\u00e3o Jo\u00e3o 2023 de Caruaru, que come\u00e7a, oficialmente, neste s\u00e1bado&hellip;<\/p>\n","protected":false},"author":1,"featured_media":96918,"comment_status":"closed","ping_status":"open","sticky":false,"template":"","format":"standard","meta":{"footnotes":""},"categories":[14120],"tags":[2,19532,3406,27711],"class_list":["post-96917","post","type-post","status-publish","format-standard","has-post-thumbnail","hentry","category-noticias","tag-blog-do-edvaldo-magalhaes","tag-blog-mais-acessado-e-visualizado-de-caruaru-e-regiao","tag-caruaru","tag-sesc-participa-do-sao-joao-de-caruaru-acoes-recreativas-e-culturais-em-dois-polos-de-animacao"],"_links":{"self":[{"href":"https:\/\/blogdoedvaldomagalhaes.com.br\/index.php\/wp-json\/wp\/v2\/posts\/96917","targetHints":{"allow":["GET"]}}],"collection":[{"href":"https:\/\/blogdoedvaldomagalhaes.com.br\/index.php\/wp-json\/wp\/v2\/posts"}],"about":[{"href":"https:\/\/blogdoedvaldomagalhaes.com.br\/index.php\/wp-json\/wp\/v2\/types\/post"}],"author":[{"embeddable":true,"href":"https:\/\/blogdoedvaldomagalhaes.com.br\/index.php\/wp-json\/wp\/v2\/users\/1"}],"replies":[{"embeddable":true,"href":"https:\/\/blogdoedvaldomagalhaes.com.br\/index.php\/wp-json\/wp\/v2\/comments?post=96917"}],"version-history":[{"count":1,"href":"https:\/\/blogdoedvaldomagalhaes.com.br\/index.php\/wp-json\/wp\/v2\/posts\/96917\/revisions"}],"predecessor-version":[{"id":96919,"href":"https:\/\/blogdoedvaldomagalhaes.com.br\/index.php\/wp-json\/wp\/v2\/posts\/96917\/revisions\/96919"}],"wp:featuredmedia":[{"embeddable":true,"href":"https:\/\/blogdoedvaldomagalhaes.com.br\/index.php\/wp-json\/wp\/v2\/media\/96918"}],"wp:attachment":[{"href":"https:\/\/blogdoedvaldomagalhaes.com.br\/index.php\/wp-json\/wp\/v2\/media?parent=96917"}],"wp:term":[{"taxonomy":"category","embeddable":true,"href":"https:\/\/blogdoedvaldomagalhaes.com.br\/index.php\/wp-json\/wp\/v2\/categories?post=96917"},{"taxonomy":"post_tag","embeddable":true,"href":"https:\/\/blogdoedvaldomagalhaes.com.br\/index.php\/wp-json\/wp\/v2\/tags?post=96917"}],"curies":[{"name":"wp","href":"https:\/\/api.w.org\/{rel}","templated":true}]}}