{"id":96914,"date":"2023-06-03T15:02:01","date_gmt":"2023-06-03T18:02:01","guid":{"rendered":"https:\/\/blogdoedvaldomagalhaes.com.br\/?p=96914"},"modified":"2023-06-03T15:02:03","modified_gmt":"2023-06-03T18:02:03","slug":"sao-joao-de-caruaru-com-60-profissionais-por-dia-atuando-na-vigilancia-em-saude","status":"publish","type":"post","link":"https:\/\/blogdoedvaldomagalhaes.com.br\/index.php\/2023\/06\/03\/sao-joao-de-caruaru-com-60-profissionais-por-dia-atuando-na-vigilancia-em-saude\/","title":{"rendered":"S\u00e3o Jo\u00e3o de Caruaru com 60 profissionais por dia atuando na Vigil\u00e2ncia em Sa\u00fade"},"content":{"rendered":"<p style=\"text-align: justify;\"><span style=\"font-size: revert; color: initial;\">Durante o S\u00e3o Jo\u00e3o de Caruaru 2023 \u2013 Ainda Maior e Melhor, as equipes da Vigil\u00e2ncia em Sa\u00fade, da Secretaria Municipal de Sa\u00fade (SMS), estar\u00e3o desempenhando um papel importante na preven\u00e7\u00e3o e manuten\u00e7\u00e3o da sa\u00fade dos visitantes e turistas. Os trabalhos que iniciaram no Polo do S\u00e3o Jo\u00e3o na Ro\u00e7a, no dia 28 de abril, envolvem mais de 60 pessoas por dia, de todas as vigil\u00e2ncias (Ambiental, Epidemiol\u00f3gica e Sanit\u00e1ria), para garantir a sa\u00fade e a seguran\u00e7a alimentar e ambiental dos forrozeiros em todos os polos.<\/span><\/p>\n<p style=\"text-align: justify;\">O setor ainda disponibilizou dois n\u00fameros de What\u2019sApp da Vigil\u00e2ncia Sanit\u00e1ria e Epidemiol\u00f3gica (apenas para mensagens) para d\u00favidas, esclarecimentos e den\u00fancias: (81) 9.8384-3772 e (81) 9.9435-0620. Al\u00e9m disso, uma equipe estar\u00e1 de plant\u00e3o durante todo o evento no Centro de Opera\u00e7\u00f5es Integradas (COI), no Espa\u00e7o Cultural Tancredo Neves (P\u00e1tio de Eventos), para atender a popula\u00e7\u00e3o<\/p>\n<p style=\"text-align: justify;\">\u201cSer\u00e3o mais de 60 pessoas por dia, de ambas vigil\u00e2ncias, atuando em conjunto para garantir a sa\u00fade em todos os polos, em qualquer hor\u00e1rio e dia, ou seja, todos em vigil\u00e2ncia para que o S\u00e3o Jo\u00e3o de Caruaru seja, al\u00e9m de incr\u00edvel e espetacular, seguro e saud\u00e1vel\u201d, destacou a Gerente Geral de Vigil\u00e2ncia em Sa\u00fade, Let\u00edcia Galv\u00e3o.<\/p>\n<p style=\"text-align: justify;\">Entenda a seguir a atua\u00e7\u00e3o da Vigil\u00e2ncia em Sa\u00fade durante os festejos juninos de Caruaru.<\/p>\n<p style=\"text-align: justify;\">A Vigil\u00e2ncia Ambiental estar\u00e1 atuando no controle de pragas urbanas (como escorpi\u00f5es, roedores, baratas) nos principais polos de anima\u00e7\u00e3o rurais e urbanos. Al\u00e9m disso, vem desenvolvendo a\u00e7\u00f5es para preven\u00e7\u00e3o e controle das zoonoses como atividades educativas pr\u00e9vias e de aten\u00e7\u00e3o \u00e0s doen\u00e7as transmitidas por vetores e acidentes por animais pe\u00e7onhentos.<\/p>\n<p style=\"text-align: justify;\">A Vigil\u00e2ncia Epidemiol\u00f3gica \u00e9 a respons\u00e1vel por identificar surtos e monitorar doen\u00e7as e agravos de import\u00e2ncia a sa\u00fade p\u00fablica. O setor estar\u00e1 atuando presencialmente nos polos de anima\u00e7\u00e3o, em conjunto com as demais vigil\u00e2ncias, realizando testagem contra a Covid-19, na perspectiva de potencializar o cuidado \u00e0 sa\u00fade tamb\u00e9m no S\u00e3o Jo\u00e3o.<\/p>\n<p style=\"text-align: justify;\">J\u00e1 a Vigil\u00e2ncia Sanit\u00e1ria, que atua principalmente na preven\u00e7\u00e3o das doen\u00e7as transmitidas por alimentos, com o intuito de proteger a sa\u00fade dos forrozeiros no S\u00e3o Jo\u00e3o na Ro\u00e7a, estender\u00e1 os trabalhos para os demais polos que iniciam neste final de semana. Os agentes ficar\u00e3o atentos \u00e0s condi\u00e7\u00f5es higi\u00eanico-sanit\u00e1rias dos servi\u00e7os de alimenta\u00e7\u00e3o, verificando as condi\u00e7\u00f5es de armazenamento, manipula\u00e7\u00e3o e comercializa\u00e7\u00e3o dos alimentos.<\/p>\n<p style=\"text-align: justify;\">Fotos: Divulga\u00e7\u00e3o \/ Secom PMC e Arquivo Vigil\u00e2ncia em Sa\u00fade.<\/p>\n<p style=\"text-align: justify;\">Siga o Instagram do Blog @blogdoedvaldomagalhaes<\/p>\n","protected":false},"excerpt":{"rendered":"<p>Durante o S\u00e3o Jo\u00e3o de Caruaru 2023 \u2013 Ainda Maior e Melhor, as equipes da Vigil\u00e2ncia em Sa\u00fade, da Secretaria&hellip;<\/p>\n","protected":false},"author":1,"featured_media":96915,"comment_status":"closed","ping_status":"open","sticky":false,"template":"","format":"standard","meta":{"footnotes":""},"categories":[14120],"tags":[2,19532,3406,27710],"class_list":["post-96914","post","type-post","status-publish","format-standard","has-post-thumbnail","hentry","category-noticias","tag-blog-do-edvaldo-magalhaes","tag-blog-mais-acessado-e-visualizado-de-caruaru-e-regiao","tag-caruaru","tag-sao-joao-de-caruaru-com-60-profissionais-por-dia-atuando-na-vigilancia-em-saude"],"_links":{"self":[{"href":"https:\/\/blogdoedvaldomagalhaes.com.br\/index.php\/wp-json\/wp\/v2\/posts\/96914","targetHints":{"allow":["GET"]}}],"collection":[{"href":"https:\/\/blogdoedvaldomagalhaes.com.br\/index.php\/wp-json\/wp\/v2\/posts"}],"about":[{"href":"https:\/\/blogdoedvaldomagalhaes.com.br\/index.php\/wp-json\/wp\/v2\/types\/post"}],"author":[{"embeddable":true,"href":"https:\/\/blogdoedvaldomagalhaes.com.br\/index.php\/wp-json\/wp\/v2\/users\/1"}],"replies":[{"embeddable":true,"href":"https:\/\/blogdoedvaldomagalhaes.com.br\/index.php\/wp-json\/wp\/v2\/comments?post=96914"}],"version-history":[{"count":1,"href":"https:\/\/blogdoedvaldomagalhaes.com.br\/index.php\/wp-json\/wp\/v2\/posts\/96914\/revisions"}],"predecessor-version":[{"id":96916,"href":"https:\/\/blogdoedvaldomagalhaes.com.br\/index.php\/wp-json\/wp\/v2\/posts\/96914\/revisions\/96916"}],"wp:featuredmedia":[{"embeddable":true,"href":"https:\/\/blogdoedvaldomagalhaes.com.br\/index.php\/wp-json\/wp\/v2\/media\/96915"}],"wp:attachment":[{"href":"https:\/\/blogdoedvaldomagalhaes.com.br\/index.php\/wp-json\/wp\/v2\/media?parent=96914"}],"wp:term":[{"taxonomy":"category","embeddable":true,"href":"https:\/\/blogdoedvaldomagalhaes.com.br\/index.php\/wp-json\/wp\/v2\/categories?post=96914"},{"taxonomy":"post_tag","embeddable":true,"href":"https:\/\/blogdoedvaldomagalhaes.com.br\/index.php\/wp-json\/wp\/v2\/tags?post=96914"}],"curies":[{"name":"wp","href":"https:\/\/api.w.org\/{rel}","templated":true}]}}