{"id":96911,"date":"2023-06-03T14:52:48","date_gmt":"2023-06-03T17:52:48","guid":{"rendered":"https:\/\/blogdoedvaldomagalhaes.com.br\/?p=96911"},"modified":"2023-06-03T14:52:49","modified_gmt":"2023-06-03T17:52:49","slug":"acao-do-leva-caruaru-oferece-facilidade-de-recarga-durante-as-festas-de-sao-joao","status":"publish","type":"post","link":"https:\/\/blogdoedvaldomagalhaes.com.br\/index.php\/2023\/06\/03\/acao-do-leva-caruaru-oferece-facilidade-de-recarga-durante-as-festas-de-sao-joao\/","title":{"rendered":"A\u00e7\u00e3o do Leva Caruaru oferece facilidade de recarga durante as festas de S\u00e3o Jo\u00e3o"},"content":{"rendered":"<p style=\"text-align: justify;\"><span style=\"color: initial; font-size: revert;\">O Leva Caruaru, sistema de bilhetagem eletr\u00f4nica do transporte p\u00fablico da capital do forr\u00f3, vai realizar, a partir deste s\u00e1bado (03), uma a\u00e7\u00e3o especial durante as festas de S\u00e3o Jo\u00e3o para proporcionar ainda mais comodidade aos usu\u00e1rios. O projeto &#8220;Leva Itinerante&#8221; vai contar com equipes no terminal de \u00f4nibus da esta\u00e7\u00e3o ferrovi\u00e1ria, no Centro de Caruaru, bem como nos polos de festa para oferecer ao p\u00fablico dos festejos juninos o cart\u00e3o do Leva Comum e auxiliar na recarga para quem j\u00e1 tem o cart\u00e3o Leva.<\/span><\/p>\n<p style=\"text-align: justify;\">As recargas v\u00e3o ser realizada tanto no dinheiro como pelo cart\u00e3o de cr\u00e9dito.<\/p>\n<p style=\"text-align: justify;\">Essa iniciativa visa agilizar o processo de recarga e evitar filas e atrasos durante esse per\u00edodo t\u00e3o especial para os moradores e visitantes de Caruaru.<\/p>\n<p style=\"text-align: justify;\">Nos demais dias, a equipe do \u201cLeva Itinerante\u201destar\u00e1 dispon\u00edvel em pontos estrat\u00e9gicos da cidade, como na Rua Duque de Caxias, Rua 15 de Novembro e no terminal de \u00f4nibus da esta\u00e7\u00e3o. Essa medida busca atender os passageiros em diferentes locais, garantindo que todos tenham acesso facilitado aos servi\u00e7os oferecidos pelo sistema de transporte.<\/p>\n<p style=\"text-align: justify;\">&#8220;Queremos facilitar a vida da popula\u00e7\u00e3o, proporcionando tranquilidade, agilidade e seguran\u00e7a para embarcar no transporte coletivo. Escolher o \u00f4nibus como meio de transporte evita preocupa\u00e7\u00f5es com estacionamento e surpresas na hora de pagar a corrida, por isso v\u00e1 de \u00f4nibus!&#8221;, afirma Adriana Leite, diretora executiva da AETPC.<\/p>\n<p style=\"text-align: justify;\">A a\u00e7\u00e3o do \u201cLeva Itinerante\u201d \u00e9 mais uma demonstra\u00e7\u00e3o do comprometimento do Leva com seus usu\u00e1rios, visando oferecer servi\u00e7os eficientes e garantir a satisfa\u00e7\u00e3o de todos. Durante o per\u00edodo junino, essa iniciativa se torna ainda mais relevante, proporcionando agilidade e facilidade no uso do transporte p\u00fablico durante as festas. Foto: Bruno Henrique.<\/p>\n<p style=\"text-align: justify;\">Siga o Instagram do Blog @blogdoedvaldomagalhaes<\/p>\n","protected":false},"excerpt":{"rendered":"<p>O Leva Caruaru, sistema de bilhetagem eletr\u00f4nica do transporte p\u00fablico da capital do forr\u00f3, vai realizar, a partir deste s\u00e1bado&hellip;<\/p>\n","protected":false},"author":1,"featured_media":96912,"comment_status":"closed","ping_status":"open","sticky":false,"template":"","format":"standard","meta":{"footnotes":""},"categories":[14120],"tags":[27709,2,19532,3406],"class_list":["post-96911","post","type-post","status-publish","format-standard","has-post-thumbnail","hentry","category-noticias","tag-acao-do-leva-caruaru-oferece-facilidade-de-recarga-durante-as-festas-de-sao-joao","tag-blog-do-edvaldo-magalhaes","tag-blog-mais-acessado-e-visualizado-de-caruaru-e-regiao","tag-caruaru"],"_links":{"self":[{"href":"https:\/\/blogdoedvaldomagalhaes.com.br\/index.php\/wp-json\/wp\/v2\/posts\/96911","targetHints":{"allow":["GET"]}}],"collection":[{"href":"https:\/\/blogdoedvaldomagalhaes.com.br\/index.php\/wp-json\/wp\/v2\/posts"}],"about":[{"href":"https:\/\/blogdoedvaldomagalhaes.com.br\/index.php\/wp-json\/wp\/v2\/types\/post"}],"author":[{"embeddable":true,"href":"https:\/\/blogdoedvaldomagalhaes.com.br\/index.php\/wp-json\/wp\/v2\/users\/1"}],"replies":[{"embeddable":true,"href":"https:\/\/blogdoedvaldomagalhaes.com.br\/index.php\/wp-json\/wp\/v2\/comments?post=96911"}],"version-history":[{"count":1,"href":"https:\/\/blogdoedvaldomagalhaes.com.br\/index.php\/wp-json\/wp\/v2\/posts\/96911\/revisions"}],"predecessor-version":[{"id":96913,"href":"https:\/\/blogdoedvaldomagalhaes.com.br\/index.php\/wp-json\/wp\/v2\/posts\/96911\/revisions\/96913"}],"wp:featuredmedia":[{"embeddable":true,"href":"https:\/\/blogdoedvaldomagalhaes.com.br\/index.php\/wp-json\/wp\/v2\/media\/96912"}],"wp:attachment":[{"href":"https:\/\/blogdoedvaldomagalhaes.com.br\/index.php\/wp-json\/wp\/v2\/media?parent=96911"}],"wp:term":[{"taxonomy":"category","embeddable":true,"href":"https:\/\/blogdoedvaldomagalhaes.com.br\/index.php\/wp-json\/wp\/v2\/categories?post=96911"},{"taxonomy":"post_tag","embeddable":true,"href":"https:\/\/blogdoedvaldomagalhaes.com.br\/index.php\/wp-json\/wp\/v2\/tags?post=96911"}],"curies":[{"name":"wp","href":"https:\/\/api.w.org\/{rel}","templated":true}]}}