{"id":96908,"date":"2023-06-02T17:17:29","date_gmt":"2023-06-02T20:17:29","guid":{"rendered":"https:\/\/blogdoedvaldomagalhaes.com.br\/?p=96908"},"modified":"2023-06-02T17:17:30","modified_gmt":"2023-06-02T20:17:30","slug":"suspeito-de-receptacao-de-trilhos-de-trem-e-detido-pela-prf","status":"publish","type":"post","link":"https:\/\/blogdoedvaldomagalhaes.com.br\/index.php\/2023\/06\/02\/suspeito-de-receptacao-de-trilhos-de-trem-e-detido-pela-prf\/","title":{"rendered":"Suspeito de recepta\u00e7\u00e3o de trilhos de trem \u00e9 detido pela PRF"},"content":{"rendered":"<p style=\"text-align: justify;\"><span style=\"color: initial; font-size: revert;\">Um homem suspeito de recepta\u00e7\u00e3o de trilhos de trem foi detido, na quinta-feira (1), pela Pol\u00edcia Rodovi\u00e1ria Federal (PRF), na BR 407, em Petrolina, no Sert\u00e3o de Pernambuco. Um total de 90 perfis de a\u00e7o teriam sido retirados da Ferrovia Centro-Atl\u00e2ntica (FCA) localizada em Juazeiro, na Bahia, e seriam entregues no Rio de Janeiro.<\/span><\/p>\n<p style=\"text-align: justify;\">Policiais receberam informa\u00e7\u00f5es de que um caminh\u00e3o estaria transportando trilhos furtados de uma ferrovia e realizaram buscas, at\u00e9 localizarem o ve\u00edculo suspeito no Km 125 da rodovia. No compartimento de carga foram encontrados v\u00e1rios trilhos de trem e o motorista informou que iria receber R$14 mil para realizar o transporte da mercadoria.<\/p>\n<p style=\"text-align: justify;\">O condutor disse que havia sido contratado por um agenciador de cargas e foi at\u00e9 a ferrovia indicada, onde um grupo de homens colocou os trilhos no caminh\u00e3o. A equipe da PRF entrou em contato com o coordenador de Seguran\u00e7a Patrimonial da FCA, que confirmou ser frequente o desaparecimento de trilhos no trecho.<\/p>\n<p style=\"text-align: justify;\">O motorista foi encaminhado junto com a mercadoria \u00e0 Delegacia de Pol\u00edcia Civil de Petrolina, para a continuidade dos procedimentos legais. Foto: Divulga\u00e7\u00e3o\/PRF.<\/p>\n<p style=\"text-align: justify;\">Siga o Instagram do Blog @blogdoedvaldomagalhaes<\/p>\n","protected":false},"excerpt":{"rendered":"<p>Um homem suspeito de recepta\u00e7\u00e3o de trilhos de trem foi detido, na quinta-feira (1), pela Pol\u00edcia Rodovi\u00e1ria Federal (PRF), na&hellip;<\/p>\n","protected":false},"author":1,"featured_media":96909,"comment_status":"closed","ping_status":"open","sticky":false,"template":"","format":"standard","meta":{"footnotes":""},"categories":[14121],"tags":[2,19532,3406,27708],"class_list":["post-96908","post","type-post","status-publish","format-standard","has-post-thumbnail","hentry","category-policial","tag-blog-do-edvaldo-magalhaes","tag-blog-mais-acessado-e-visualizado-de-caruaru-e-regiao","tag-caruaru","tag-suspeito-de-receptacao-de-trilhos-de-trem-e-detido-pela-prf"],"_links":{"self":[{"href":"https:\/\/blogdoedvaldomagalhaes.com.br\/index.php\/wp-json\/wp\/v2\/posts\/96908","targetHints":{"allow":["GET"]}}],"collection":[{"href":"https:\/\/blogdoedvaldomagalhaes.com.br\/index.php\/wp-json\/wp\/v2\/posts"}],"about":[{"href":"https:\/\/blogdoedvaldomagalhaes.com.br\/index.php\/wp-json\/wp\/v2\/types\/post"}],"author":[{"embeddable":true,"href":"https:\/\/blogdoedvaldomagalhaes.com.br\/index.php\/wp-json\/wp\/v2\/users\/1"}],"replies":[{"embeddable":true,"href":"https:\/\/blogdoedvaldomagalhaes.com.br\/index.php\/wp-json\/wp\/v2\/comments?post=96908"}],"version-history":[{"count":1,"href":"https:\/\/blogdoedvaldomagalhaes.com.br\/index.php\/wp-json\/wp\/v2\/posts\/96908\/revisions"}],"predecessor-version":[{"id":96910,"href":"https:\/\/blogdoedvaldomagalhaes.com.br\/index.php\/wp-json\/wp\/v2\/posts\/96908\/revisions\/96910"}],"wp:featuredmedia":[{"embeddable":true,"href":"https:\/\/blogdoedvaldomagalhaes.com.br\/index.php\/wp-json\/wp\/v2\/media\/96909"}],"wp:attachment":[{"href":"https:\/\/blogdoedvaldomagalhaes.com.br\/index.php\/wp-json\/wp\/v2\/media?parent=96908"}],"wp:term":[{"taxonomy":"category","embeddable":true,"href":"https:\/\/blogdoedvaldomagalhaes.com.br\/index.php\/wp-json\/wp\/v2\/categories?post=96908"},{"taxonomy":"post_tag","embeddable":true,"href":"https:\/\/blogdoedvaldomagalhaes.com.br\/index.php\/wp-json\/wp\/v2\/tags?post=96908"}],"curies":[{"name":"wp","href":"https:\/\/api.w.org\/{rel}","templated":true}]}}