{"id":96902,"date":"2023-06-02T17:00:11","date_gmt":"2023-06-02T20:00:11","guid":{"rendered":"https:\/\/blogdoedvaldomagalhaes.com.br\/?p=96902"},"modified":"2023-06-02T17:02:36","modified_gmt":"2023-06-02T20:02:36","slug":"pm-lanca-servico-de-psicoterapia-online","status":"publish","type":"post","link":"https:\/\/blogdoedvaldomagalhaes.com.br\/index.php\/2023\/06\/02\/pm-lanca-servico-de-psicoterapia-online\/","title":{"rendered":"PM lan\u00e7a servi\u00e7o de psicoterapia online"},"content":{"rendered":"<p style=\"text-align: justify;\"><span style=\"color: initial; font-size: revert;\">Um servi\u00e7o que j\u00e1 acontece de forma presencial, chega em novo formato para universalizar o atendimento psicoter\u00e1pico dentro da Corpora\u00e7\u00e3o. O servi\u00e7o de psicoterapia online chegou na PMPE com o objetivo de ampliar os atendimentos para todos os policiais militares da ativa, al\u00e9m de abrir portas para aqueles que n\u00e3o se sentem \u00e0 vontade em realizar o atendimento presencial.<\/span><\/p>\n<p style=\"text-align: justify;\">Por iniciativa do N\u00facleo de Sa\u00fade Mental, da Diretoria de Assist\u00eancia Social da PM (DAS), o servi\u00e7o ser\u00e1 ampliado em 75 atendimentos, chegando a 375 atendimentos semanais. \u201cHoje temos 13 psic\u00f3logos na DAS, 10 deles voltados para o atendimento presencial e tr\u00eas ficar\u00e3o exclusivamente para o atendimento online dos policiais militares da ativa\u201d, disse o capit\u00e3o Gilvan Silva, Chefe do N\u00facleo.<\/p>\n<p style=\"text-align: justify;\">O comandante geral, coronel Tib\u00e9rio C\u00e9sar, fez quest\u00e3o de estar presente na inaugura\u00e7\u00e3o do servi\u00e7o e falou sobre a import\u00e2ncia deste novo canal dentro da Corpora\u00e7\u00e3o. \u201c\u00c9 um passo importante que estamos dando aqui dentro do N\u00facleo de Sa\u00fade Mental. Essa j\u00e1 era uma das metas priorit\u00e1rias que agora conseguimos trazer, uma forma de avan\u00e7ar e ter amplitude nos atendimentos, mas acima de tudo de quebrar o paradigma de que n\u00f3s n\u00e3o precisamos de ajuda mental. \u00c9 um passo importante, por\u00e9m pequeno ainda, diante de tantas metas que n\u00f3s temos no comando geral, junto com a Diretoria de Assist\u00eancia Social e o N\u00facleo de Sa\u00fade Mental da Pol\u00edcia Militar\u201d, disse o coronel Tib\u00e9rio C\u00e9sar.<\/p>\n<p style=\"text-align: justify;\">O servi\u00e7o j\u00e1 tem in\u00edcio na pr\u00f3xima segunda-feira (5), mas todas informa\u00e7\u00f5es sobre marca\u00e7\u00e3o de consultas j\u00e1 est\u00e3o dispon\u00edveis no site da PMPE (pm.pe.gov.br).<\/p>\n<p style=\"text-align: justify;\">Siga o Instagram do Blog @blogdoedvaldomagalhaes<\/p>\n\n\n<figure class=\"wp-block-image size-large\"><img loading=\"lazy\" decoding=\"async\" width=\"1024\" height=\"682\" src=\"https:\/\/blogdoedvaldomagalhaes.com.br\/wp-content\/uploads\/2023\/06\/IMG-20230602-WA0101-1024x682.jpg\" alt=\"\" class=\"wp-image-96906\" srcset=\"https:\/\/blogdoedvaldomagalhaes.com.br\/wp-content\/uploads\/2023\/06\/IMG-20230602-WA0101-1024x682.jpg 1024w, https:\/\/blogdoedvaldomagalhaes.com.br\/wp-content\/uploads\/2023\/06\/IMG-20230602-WA0101-300x200.jpg 300w, https:\/\/blogdoedvaldomagalhaes.com.br\/wp-content\/uploads\/2023\/06\/IMG-20230602-WA0101-768x512.jpg 768w, https:\/\/blogdoedvaldomagalhaes.com.br\/wp-content\/uploads\/2023\/06\/IMG-20230602-WA0101-1536x1023.jpg 1536w, https:\/\/blogdoedvaldomagalhaes.com.br\/wp-content\/uploads\/2023\/06\/IMG-20230602-WA0101.jpg 1600w\" sizes=\"auto, (max-width: 1024px) 100vw, 1024px\" \/><figcaption class=\"wp-element-caption\">Fotos: Divulga\u00e7\u00e3o\/PMPE<\/figcaption><\/figure>\n","protected":false},"excerpt":{"rendered":"<p>Um servi\u00e7o que j\u00e1 acontece de forma presencial, chega em novo formato para universalizar o atendimento psicoter\u00e1pico dentro da Corpora\u00e7\u00e3o.&hellip;<\/p>\n","protected":false},"author":1,"featured_media":96904,"comment_status":"closed","ping_status":"open","sticky":false,"template":"","format":"standard","meta":{"footnotes":""},"categories":[14121],"tags":[2,19532,3406,27707],"class_list":["post-96902","post","type-post","status-publish","format-standard","has-post-thumbnail","hentry","category-policial","tag-blog-do-edvaldo-magalhaes","tag-blog-mais-acessado-e-visualizado-de-caruaru-e-regiao","tag-caruaru","tag-pm-lanca-servico-de-psicoterapia-online"],"_links":{"self":[{"href":"https:\/\/blogdoedvaldomagalhaes.com.br\/index.php\/wp-json\/wp\/v2\/posts\/96902","targetHints":{"allow":["GET"]}}],"collection":[{"href":"https:\/\/blogdoedvaldomagalhaes.com.br\/index.php\/wp-json\/wp\/v2\/posts"}],"about":[{"href":"https:\/\/blogdoedvaldomagalhaes.com.br\/index.php\/wp-json\/wp\/v2\/types\/post"}],"author":[{"embeddable":true,"href":"https:\/\/blogdoedvaldomagalhaes.com.br\/index.php\/wp-json\/wp\/v2\/users\/1"}],"replies":[{"embeddable":true,"href":"https:\/\/blogdoedvaldomagalhaes.com.br\/index.php\/wp-json\/wp\/v2\/comments?post=96902"}],"version-history":[{"count":2,"href":"https:\/\/blogdoedvaldomagalhaes.com.br\/index.php\/wp-json\/wp\/v2\/posts\/96902\/revisions"}],"predecessor-version":[{"id":96907,"href":"https:\/\/blogdoedvaldomagalhaes.com.br\/index.php\/wp-json\/wp\/v2\/posts\/96902\/revisions\/96907"}],"wp:featuredmedia":[{"embeddable":true,"href":"https:\/\/blogdoedvaldomagalhaes.com.br\/index.php\/wp-json\/wp\/v2\/media\/96904"}],"wp:attachment":[{"href":"https:\/\/blogdoedvaldomagalhaes.com.br\/index.php\/wp-json\/wp\/v2\/media?parent=96902"}],"wp:term":[{"taxonomy":"category","embeddable":true,"href":"https:\/\/blogdoedvaldomagalhaes.com.br\/index.php\/wp-json\/wp\/v2\/categories?post=96902"},{"taxonomy":"post_tag","embeddable":true,"href":"https:\/\/blogdoedvaldomagalhaes.com.br\/index.php\/wp-json\/wp\/v2\/tags?post=96902"}],"curies":[{"name":"wp","href":"https:\/\/api.w.org\/{rel}","templated":true}]}}