{"id":96876,"date":"2023-06-02T13:53:10","date_gmt":"2023-06-02T16:53:10","guid":{"rendered":"https:\/\/blogdoedvaldomagalhaes.com.br\/?p=96876"},"modified":"2023-06-02T14:41:27","modified_gmt":"2023-06-02T17:41:27","slug":"festas-de-comidas-gigantes-e-sao-joao-roca-em-caruaru-neste-fim-de-semana","status":"publish","type":"post","link":"https:\/\/blogdoedvaldomagalhaes.com.br\/index.php\/2023\/06\/02\/festas-de-comidas-gigantes-e-sao-joao-roca-em-caruaru-neste-fim-de-semana\/","title":{"rendered":"Festas de comidas gigantes e S\u00e3o Jo\u00e3o Ro\u00e7a em Caruaru neste fim de semana"},"content":{"rendered":"<p style=\"text-align: justify;\">Quatro festas de comidas gigantes ser\u00e3o realizadas neste fim de semana em Caruaru. Nesta sexta-feira (02), ser\u00e3o tr\u00eas festas, confira:<\/p>\n<p style=\"text-align: justify;\">A festa do Maior Caldo de Macaxeira do Mundo, ser\u00e1 no Bairro Santa Clara, a partir das 18h, com organiza\u00e7\u00e3o de Karla (Cola na galega).<\/p>\n\n\n<figure class=\"wp-block-image size-full is-resized\"><img loading=\"lazy\" decoding=\"async\" src=\"https:\/\/blogdoedvaldomagalhaes.com.br\/wp-content\/uploads\/2023\/06\/00EE6235-70F8-4422-B70E-B58C929EAC59.png\" alt=\"\" class=\"wp-image-96879\" width=\"472\" height=\"354\" srcset=\"https:\/\/blogdoedvaldomagalhaes.com.br\/wp-content\/uploads\/2023\/06\/00EE6235-70F8-4422-B70E-B58C929EAC59.png 400w, https:\/\/blogdoedvaldomagalhaes.com.br\/wp-content\/uploads\/2023\/06\/00EE6235-70F8-4422-B70E-B58C929EAC59-300x225.png 300w, https:\/\/blogdoedvaldomagalhaes.com.br\/wp-content\/uploads\/2023\/06\/00EE6235-70F8-4422-B70E-B58C929EAC59-160x120.png 160w\" sizes=\"auto, (max-width: 472px) 100vw, 472px\" \/><figcaption class=\"wp-element-caption\">Foto Chocolate Quente: Arquivo\/Blog do Edvaldo Magalh\u00e3es <\/figcaption><\/figure>\n\n\n<p style=\"text-align: justify;\">Na Academia das Cidades, no bairro S\u00e3o Jo\u00e3o da Esc\u00f3cia, ser\u00e1 realizada a festa do Maior Chocolate Quente do Mundo, a partir das 18h. Confira a receita:&nbsp;700 litros de leite, 120 quilos de <b>chocolate<\/b>, 220 latas de leite condensado, 220 latas de creme de leite, 50 quilos de a\u00e7\u00facar, 30 quilos de maisena e 6 quilos de canela em p\u00f3. Tudo isso preparado em 26 caldeir\u00f5es e distribu\u00eddos em 15 mil copos descart\u00e1veis.<\/p>\n\n\n<figure class=\"wp-block-image size-large\"><img loading=\"lazy\" decoding=\"async\" width=\"1024\" height=\"683\" src=\"https:\/\/blogdoedvaldomagalhaes.com.br\/wp-content\/uploads\/2023\/06\/3AADC389-58A8-4073-BE60-621F8E2259FE-1024x683.jpeg\" alt=\"\" class=\"wp-image-96884\" srcset=\"https:\/\/blogdoedvaldomagalhaes.com.br\/wp-content\/uploads\/2023\/06\/3AADC389-58A8-4073-BE60-621F8E2259FE-1024x683.jpeg 1024w, https:\/\/blogdoedvaldomagalhaes.com.br\/wp-content\/uploads\/2023\/06\/3AADC389-58A8-4073-BE60-621F8E2259FE-300x200.jpeg 300w, https:\/\/blogdoedvaldomagalhaes.com.br\/wp-content\/uploads\/2023\/06\/3AADC389-58A8-4073-BE60-621F8E2259FE-768x512.jpeg 768w, https:\/\/blogdoedvaldomagalhaes.com.br\/wp-content\/uploads\/2023\/06\/3AADC389-58A8-4073-BE60-621F8E2259FE-1536x1024.jpeg 1536w, https:\/\/blogdoedvaldomagalhaes.com.br\/wp-content\/uploads\/2023\/06\/3AADC389-58A8-4073-BE60-621F8E2259FE.jpeg 1599w\" sizes=\"auto, (max-width: 1024px) 100vw, 1024px\" \/><figcaption class=\"wp-element-caption\">Foto do Bolo de Chocolate: Elvis \u00c9dson <\/figcaption><\/figure>\n\n\n<div style=\"text-align: justify;\">A festa do Maior Bolo de Chocolate do Mundo acontece no bairro Jos\u00e9 Carlos de Oliveira. &nbsp;O bolo foi feito em conjunto com moradores do bairro e o evento contou com grande p\u00fablico.<\/div>\n<div style=\"text-align: justify;\">&nbsp;<\/div>\n<div style=\"text-align: justify;\">A comida tem ao todo 15 metros e pesa 240 quilos. Al\u00e9m do bolo, tem shows. De&nbsp;acordo com o organizador do evento, Ninho do Bolo, trazer a festa para o Jos\u00e9 Carlos de Oliveira \u00e9 motivo de muita alegria. &#8220;Ver todas essas pessoas, adultos e crian\u00e7as nas ruas para brincar, dan\u00e7ar forr\u00f3 e comer o nosso bolo faz meu cora\u00e7\u00e3o se encher de alegria. E hoje damos o pontap\u00e9 na maior festa de S\u00e3o Jo\u00e3o do mundo, com o maior bolo de chocolate do mundo, aqui no bairro Jos\u00e9 Carlos de Oliveira. Vamos curtir o S\u00e3o Jo\u00e3o do reencontro e trazer de volta a magia do S\u00e3o Jo\u00e3o para a cidade&#8221;, destaca.<\/div>\n\n\n<figure class=\"wp-block-image size-large\"><img loading=\"lazy\" decoding=\"async\" width=\"1024\" height=\"1024\" src=\"https:\/\/blogdoedvaldomagalhaes.com.br\/wp-content\/uploads\/2023\/06\/30B185B0-E551-46BF-9443-E3410C79958F-1024x1024.jpeg\" alt=\"\" class=\"wp-image-96888\" srcset=\"https:\/\/blogdoedvaldomagalhaes.com.br\/wp-content\/uploads\/2023\/06\/30B185B0-E551-46BF-9443-E3410C79958F-1024x1024.jpeg 1024w, https:\/\/blogdoedvaldomagalhaes.com.br\/wp-content\/uploads\/2023\/06\/30B185B0-E551-46BF-9443-E3410C79958F-300x300.jpeg 300w, https:\/\/blogdoedvaldomagalhaes.com.br\/wp-content\/uploads\/2023\/06\/30B185B0-E551-46BF-9443-E3410C79958F-150x150.jpeg 150w, https:\/\/blogdoedvaldomagalhaes.com.br\/wp-content\/uploads\/2023\/06\/30B185B0-E551-46BF-9443-E3410C79958F-768x768.jpeg 768w, https:\/\/blogdoedvaldomagalhaes.com.br\/wp-content\/uploads\/2023\/06\/30B185B0-E551-46BF-9443-E3410C79958F.jpeg 1080w\" sizes=\"auto, (max-width: 1024px) 100vw, 1024px\" \/><\/figure>\n\n\n<p style=\"text-align: justify;\"><span style=\"font-size: revert;\">Dando sequ\u00eancia ao calend\u00e1rio das localidades que o S\u00e3o Jo\u00e3o na Ro\u00e7a percorrer\u00e1, nesta sexta-feira (2), Xicuru ser\u00e1 a pen\u00faltima localidade a receber a caravana.<\/span><\/p>\n<p style=\"text-align: justify;\">Com uma estrutura montada em um caminh\u00e3o-palco, toda em led e com um aparato t\u00e9cnico, este ano, o S\u00e3o Jo\u00e3o na Ro\u00e7a finalizar\u00e1 seu trajeto tendo percorrido um total de 13 localidades.<\/p>\n<p style=\"text-align: justify;\">Al\u00e9m de Xicuru nesta sexta-feira, a Vila do Ju\u00e1 fechar\u00e1 as comemora\u00e7\u00f5es de 2023, no dia 9 de junho.<\/p>\n<p style=\"text-align: justify;\">Confira a programa\u00e7\u00e3o:<\/p>\n<p style=\"text-align: justify;\">Sexta-feira (2) &#8211; Xicuru<\/p>\n<p style=\"text-align: justify;\">Batalh\u00e3o de Bacamarteiros 27<br \/>Banda de P\u00edfanos Cultural<br \/>18h30 &#8211; Azulinho<br \/>20h30 &#8211; Mestre Gennaro<br \/>22h30 &#8211; Banda Sanfonada.<\/p>\n\n\n<figure class=\"wp-block-image size-full is-resized\"><img loading=\"lazy\" decoding=\"async\" src=\"https:\/\/blogdoedvaldomagalhaes.com.br\/wp-content\/uploads\/2023\/06\/5764355D-3703-4D89-B025-AC230D68D5AF.jpeg\" alt=\"\" class=\"wp-image-96896\" width=\"471\" height=\"264\"\/><\/figure>\n\n\n<p style=\"text-align: justify;\">No domingo (04), ser\u00e1 realizada a tradicional Caminhada do Tareco e Mariola Gigante, a partir das 14h.<span style=\"font-size: revert;\">O itiner\u00e1rio vai percorrer a rua do Vassoural at\u00e9 a pra\u00e7a Miguel Bezerra Chaves. <\/span><mark class=\"text-fragments-polyfill-target-text\" style=\"font-size: revert;\">Com 30 quilos de tareco e dois metros de Mariola.<\/mark><\/p>","protected":false},"excerpt":{"rendered":"<p>Quatro festas de comidas gigantes ser\u00e3o realizadas neste fim de semana em Caruaru. Nesta sexta-feira (02), ser\u00e3o tr\u00eas festas, confira:&hellip;<\/p>\n","protected":false},"author":1,"featured_media":96892,"comment_status":"closed","ping_status":"open","sticky":false,"template":"","format":"standard","meta":{"footnotes":""},"categories":[14120],"tags":[2,19532,3406,27706],"class_list":["post-96876","post","type-post","status-publish","format-standard","has-post-thumbnail","hentry","category-noticias","tag-blog-do-edvaldo-magalhaes","tag-blog-mais-acessado-e-visualizado-de-caruaru-e-regiao","tag-caruaru","tag-festas-de-comidas-gigantes-e-sao-joao-roca-em-caruaru-neste-fim-de-semana"],"_links":{"self":[{"href":"https:\/\/blogdoedvaldomagalhaes.com.br\/index.php\/wp-json\/wp\/v2\/posts\/96876","targetHints":{"allow":["GET"]}}],"collection":[{"href":"https:\/\/blogdoedvaldomagalhaes.com.br\/index.php\/wp-json\/wp\/v2\/posts"}],"about":[{"href":"https:\/\/blogdoedvaldomagalhaes.com.br\/index.php\/wp-json\/wp\/v2\/types\/post"}],"author":[{"embeddable":true,"href":"https:\/\/blogdoedvaldomagalhaes.com.br\/index.php\/wp-json\/wp\/v2\/users\/1"}],"replies":[{"embeddable":true,"href":"https:\/\/blogdoedvaldomagalhaes.com.br\/index.php\/wp-json\/wp\/v2\/comments?post=96876"}],"version-history":[{"count":12,"href":"https:\/\/blogdoedvaldomagalhaes.com.br\/index.php\/wp-json\/wp\/v2\/posts\/96876\/revisions"}],"predecessor-version":[{"id":96901,"href":"https:\/\/blogdoedvaldomagalhaes.com.br\/index.php\/wp-json\/wp\/v2\/posts\/96876\/revisions\/96901"}],"wp:featuredmedia":[{"embeddable":true,"href":"https:\/\/blogdoedvaldomagalhaes.com.br\/index.php\/wp-json\/wp\/v2\/media\/96892"}],"wp:attachment":[{"href":"https:\/\/blogdoedvaldomagalhaes.com.br\/index.php\/wp-json\/wp\/v2\/media?parent=96876"}],"wp:term":[{"taxonomy":"category","embeddable":true,"href":"https:\/\/blogdoedvaldomagalhaes.com.br\/index.php\/wp-json\/wp\/v2\/categories?post=96876"},{"taxonomy":"post_tag","embeddable":true,"href":"https:\/\/blogdoedvaldomagalhaes.com.br\/index.php\/wp-json\/wp\/v2\/tags?post=96876"}],"curies":[{"name":"wp","href":"https:\/\/api.w.org\/{rel}","templated":true}]}}