{"id":96873,"date":"2023-06-02T13:15:09","date_gmt":"2023-06-02T16:15:09","guid":{"rendered":"https:\/\/blogdoedvaldomagalhaes.com.br\/?p=96873"},"modified":"2023-06-02T13:15:10","modified_gmt":"2023-06-02T16:15:10","slug":"prefeitura-de-caruaru-divulga-novo-edital-para-mais-um-concurso-publico-na-area-da-educacao","status":"publish","type":"post","link":"https:\/\/blogdoedvaldomagalhaes.com.br\/index.php\/2023\/06\/02\/prefeitura-de-caruaru-divulga-novo-edital-para-mais-um-concurso-publico-na-area-da-educacao\/","title":{"rendered":"Prefeitura de Caruaru divulga novo edital para mais um Concurso P\u00fablico na \u00e1rea da Educa\u00e7\u00e3o"},"content":{"rendered":"<p style=\"text-align: justify;\"><span style=\"color: initial; font-size: revert;\">A Prefeitura de Caruaru, por meio da Secretaria de Administra\u00e7\u00e3o (SAD), divulgou, nessa quinta-feira (1\u00b0), a realiza\u00e7\u00e3o do Concurso P\u00fablico, em n\u00edvel m\u00e9dio, para o preenchimento dos cargos efetivos de Auxiliar de Educa\u00e7\u00e3o; Monitor de Transporte Escolar e Profissional de Apoio Escolar.<\/span><\/p>\n<p style=\"text-align: justify;\">As inscri\u00e7\u00f5es ser\u00e3o realizadas no per\u00edodo de 05 de junho a 24 de julho, pela Internet, no site www.ibam-concursos.org. Para se inscrever, o candidato dever\u00e1 acessar o site, localizar o link do Concurso P\u00fablico do Munic\u00edpio de Caruaru\/PE \u2013 Ed. 02\/2023, clicar em \u2018Cargos dispon\u00edveis\u2019 e escolher o cargo para o qual deseja realizar a inscri\u00e7\u00e3o. J\u00e1 o prazo para solicita\u00e7\u00e3o de isen\u00e7\u00e3o, ser\u00e1 no per\u00edodo de 05 a 09 de junho de 2023.<\/p>\n<p style=\"text-align: justify;\">As provas para Monitor de Transporte Escolar e Profissional de Apoio Escolar ser\u00e3o realizadas no dia 03 de setembro de 2023, com abertura do port\u00e3o \u00e0s 8h e o fechamento \u00e0s 9h. A prova ter\u00e1 dura\u00e7\u00e3o de tr\u00eas horas, com in\u00edcio \u00e0s 9h05. J\u00e1 para o cargo de Auxiliar de Educa\u00e7\u00e3o, a prova ser\u00e1 realizada tamb\u00e9m no dia 03 de setembro, com abertura dos port\u00f5es \u00e0s 14h e fechamento \u00e0s 15h, tendo dura\u00e7\u00e3o de tr\u00eas horas e com in\u00edcio \u00e0s 15h05.<\/p>\n<p style=\"text-align: justify;\">Para o cargo de Auxiliar de Educa\u00e7\u00e3o ser\u00e3o, no total, 200 vagas, com sal\u00e1rio de R$ 1.800. 10 das vagas ser\u00e3o destinadas para Pessoa com Defici\u00eancia (PCD).<\/p>\n<p style=\"text-align: justify;\">Para Monitor de Transporte Escolar ser\u00e1 um total de 50 vagas, com sal\u00e1rio de R$ 1.800. Tr\u00eas vagas ser\u00e3o destinadas \u00e0 PCD.<\/p>\n<p style=\"text-align: justify;\">E, para o cargo de Profissional de Apoio Escolar ser\u00e3o 160 vagas, com sal\u00e1rio de R$ 2.000. Das 160 vagas, oito estar\u00e3o disputando a vaga para Pessoa com Defici\u00eancia.<\/p>\n<p style=\"text-align: justify;\">O local da realiza\u00e7\u00e3o das provas, al\u00e9m de ser divulgado nos sites do IBAM (www.ibam- concursos.org.br) e da Prefeitura (https:\/\/caruaru.pe.gov.br), constar\u00e1 no cart\u00e3o de confirma\u00e7\u00e3o dispon\u00edvel na op\u00e7\u00e3o \u00c1rea do candidato.<\/p>\n<p style=\"text-align: justify;\">No total, j\u00e1 foram lan\u00e7adas 989 vagas. Al\u00e9m disso, o Concurso P\u00fablico da Secretaria Municipal da Fazenda, lan\u00e7ado em 21 de dezembro de 2022, para os cargos de T\u00e9cnico Fazend\u00e1rio e Auditor Fiscal, para estes, j\u00e1 houve a convoca\u00e7\u00e3o dos aprovados.<\/p>\n<p style=\"text-align: justify;\">\u201cO lan\u00e7amento do segundo edital para a Secretaria de Educa\u00e7\u00e3o fortalece ainda mais o quadro de auxiliares. Ser\u00e3o 410 vagas que fortalecer\u00e3o nossa rede de ensino\u201d, disse a secret\u00e1ria da SAD, Michely Martins. Foto: Divulga\u00e7\u00e3o\/PMC.<\/p>\n<p style=\"text-align: justify;\">Siga o Instagram do Blog @blogdoedvaldomagalhaes<\/p>\n","protected":false},"excerpt":{"rendered":"<p>A Prefeitura de Caruaru, por meio da Secretaria de Administra\u00e7\u00e3o (SAD), divulgou, nessa quinta-feira (1\u00b0), a realiza\u00e7\u00e3o do Concurso P\u00fablico,&hellip;<\/p>\n","protected":false},"author":1,"featured_media":96874,"comment_status":"closed","ping_status":"open","sticky":false,"template":"","format":"standard","meta":{"footnotes":""},"categories":[14120],"tags":[2,19532,3406,27705],"class_list":["post-96873","post","type-post","status-publish","format-standard","has-post-thumbnail","hentry","category-noticias","tag-blog-do-edvaldo-magalhaes","tag-blog-mais-acessado-e-visualizado-de-caruaru-e-regiao","tag-caruaru","tag-prefeitura-de-caruaru-divulga-novo-edital-para-mais-um-concurso-publico-na-area-da-educacao"],"_links":{"self":[{"href":"https:\/\/blogdoedvaldomagalhaes.com.br\/index.php\/wp-json\/wp\/v2\/posts\/96873","targetHints":{"allow":["GET"]}}],"collection":[{"href":"https:\/\/blogdoedvaldomagalhaes.com.br\/index.php\/wp-json\/wp\/v2\/posts"}],"about":[{"href":"https:\/\/blogdoedvaldomagalhaes.com.br\/index.php\/wp-json\/wp\/v2\/types\/post"}],"author":[{"embeddable":true,"href":"https:\/\/blogdoedvaldomagalhaes.com.br\/index.php\/wp-json\/wp\/v2\/users\/1"}],"replies":[{"embeddable":true,"href":"https:\/\/blogdoedvaldomagalhaes.com.br\/index.php\/wp-json\/wp\/v2\/comments?post=96873"}],"version-history":[{"count":1,"href":"https:\/\/blogdoedvaldomagalhaes.com.br\/index.php\/wp-json\/wp\/v2\/posts\/96873\/revisions"}],"predecessor-version":[{"id":96875,"href":"https:\/\/blogdoedvaldomagalhaes.com.br\/index.php\/wp-json\/wp\/v2\/posts\/96873\/revisions\/96875"}],"wp:featuredmedia":[{"embeddable":true,"href":"https:\/\/blogdoedvaldomagalhaes.com.br\/index.php\/wp-json\/wp\/v2\/media\/96874"}],"wp:attachment":[{"href":"https:\/\/blogdoedvaldomagalhaes.com.br\/index.php\/wp-json\/wp\/v2\/media?parent=96873"}],"wp:term":[{"taxonomy":"category","embeddable":true,"href":"https:\/\/blogdoedvaldomagalhaes.com.br\/index.php\/wp-json\/wp\/v2\/categories?post=96873"},{"taxonomy":"post_tag","embeddable":true,"href":"https:\/\/blogdoedvaldomagalhaes.com.br\/index.php\/wp-json\/wp\/v2\/tags?post=96873"}],"curies":[{"name":"wp","href":"https:\/\/api.w.org\/{rel}","templated":true}]}}