{"id":968,"date":"2018-10-18T19:22:00","date_gmt":"2018-10-18T22:22:00","guid":{"rendered":"http:\/\/blogdoedvaldomagalhaes.com.br\/index.php\/2018\/10\/18\/hospital-sao-sebastiao-ja-funciona-co\/"},"modified":"2019-02-09T02:35:34","modified_gmt":"2019-02-09T04:35:34","slug":"hospital-sao-sebastiao-ja-funciona-co","status":"publish","type":"post","link":"https:\/\/blogdoedvaldomagalhaes.com.br\/index.php\/2018\/10\/18\/hospital-sao-sebastiao-ja-funciona-co\/","title":{"rendered":"Hospital S\u00e3o Sebasti\u00e3o j\u00e1 funciona com 40 leitos ativos"},"content":{"rendered":"<div class=\"separator\" style=\"clear: both; text-align: center;\">\n<a href=\"https:\/\/2.bp.blogspot.com\/--twxZKgiM9M\/W8jdaW2x5BI\/AAAAAAAA740\/mDnUV07ezXoE-_IGfmYF-cvLQskegdgPQCLcBGAs\/s1600\/hss.jpeg\" imageanchor=\"1\" style=\"margin-left: 1em; margin-right: 1em;\"><img loading=\"lazy\" decoding=\"async\" border=\"0\" data-original-height=\"864\" data-original-width=\"1152\" height=\"480\" src=\"http:\/\/blogdoedvaldomagalhaes.com.br\/wp-content\/uploads\/2018\/10\/hss.jpeg\" width=\"640\" \/><\/a><\/div>\n<div style=\"text-align: justify;\">\n<\/div>\n<div style=\"text-align: justify;\">\nO Hospital S\u00e3o Sebasti\u00e3o (HSS), em Caruaru, no agreste pernambucano, j\u00e1 est\u00e1 funcionando com 40 leitos ativos. Em apenas 50 dias, desde a sua reabertura pelo Governo do Estado, no \u00faltimo dia 31 de agosto, o equipamento da rede estadual, com perfil para m\u00e9dia e alta complexidade em cl\u00ednica m\u00e9dica, j\u00e1 recebeu 123 pacientes e contabilizou 69 altas hospitalares. A resolutividade chega a 90% dos casos. Com o intuito de verificar o acolhimento e a assist\u00eancia prestada aos pacientes, o secret\u00e1rio estadual de Sa\u00fade, Iran Costa, realizou, na manh\u00e3 desta quinta-feira (18.10), visita t\u00e9cnica \u00e0 unidade. Al\u00e9m de conferir o atendimento, conversar com profissionais de sa\u00fade e gestores, autorizou a instala\u00e7\u00e3o do servi\u00e7o de hemodi\u00e1lise e deu in\u00edcio \u00e0 elabora\u00e7\u00e3o de projeto para que a unidade atue como cen\u00e1rio de pr\u00e1tica para estudantes da \u00e1rea da Sa\u00fade, em diversas modalidades.<\/div>\n<div style=\"text-align: justify;\">\n<\/div>\n<div style=\"text-align: justify;\">\n&#8220;O Hospital S\u00e3o Sebasti\u00e3o vem cumprindo, integralmente, o cronograma de implanta\u00e7\u00e3o dos servi\u00e7os. Na inaugura\u00e7\u00e3o, a unidade passou a funcionar com 20 leitos de cl\u00ednica m\u00e9dica. Atualmente, estamos com 40 leitos. Dentro desse planejamento, utilizado internacionalmente para estrutura\u00e7\u00e3o da unidade, com a integra\u00e7\u00e3o dos servi\u00e7os e dimensionamento da demanda, at\u00e9 o final deste m\u00eas o S\u00e3o Sebasti\u00e3o estar\u00e1 em sua plena capacidade, com 56 leitos em funcionamento. Tamb\u00e9m aproveitei a oportunidade para me reunir com a dire\u00e7\u00e3o do Hospital para a unidade iniciar o planejamento para atuar como campo de pr\u00e1tica de ensino, beneficiando os estudantes da \u00e1rea de Sa\u00fade&#8221;, ressaltou o secret\u00e1rio Iran Costa. Uma pesquisa de satisfa\u00e7\u00e3o realizada com acompanhantes e pacientes apontou que 99% de avalia\u00e7\u00f5es foram positivas, definidas como &#8220;\u00f3timo&#8221; e &#8220;bom&#8221; pelos participantes.<\/div>\n<div style=\"text-align: justify;\">\n<\/div>\n<div class=\"separator\" style=\"clear: both; text-align: center;\">\n<a href=\"https:\/\/1.bp.blogspot.com\/-ngXo-3yJfn8\/W8jdhKQadkI\/AAAAAAAA744\/2yXe1vXcMI4TQb9RZ7SgLlNaTQufi9tEwCLcBGAs\/s1600\/hss%2B1.jpeg\" imageanchor=\"1\" style=\"margin-left: 1em; margin-right: 1em;\"><img loading=\"lazy\" decoding=\"async\" border=\"0\" data-original-height=\"647\" data-original-width=\"1027\" height=\"402\" src=\"http:\/\/blogdoedvaldomagalhaes.com.br\/wp-content\/uploads\/2018\/10\/hss1.jpeg\" width=\"640\" \/><\/a><\/div>\n<div style=\"text-align: justify;\">\n<\/div>\n<div style=\"text-align: justify;\">\nO Hospital S\u00e3o Sebasti\u00e3o funciona como unidade de retaguarda destinada a pacientes encaminhados pelos hospitais de alta complexidade da regi\u00e3o, principalmente do Hospital Regional do Agreste (HRA). A unidade conta, em sua estrutura, com sala de estabiliza\u00e7\u00e3o, Laborat\u00f3rio de An\u00e1lises Cl\u00ednicas, Servi\u00e7os de Apoio ao Diagn\u00f3stico e Terapia voltados para o atendimento da demanda interna, com a oferta de exames de radiologia convencional, ultrassonografia, eletrocardiografia endoscopia. A unidade conta com m\u00e9dicos na especialidade de cl\u00ednico geral, radiologia, endoscopia, ultrassonografia, cardiologia, neurologia e nefrologia. Al\u00e9m de profissionais da \u00e1rea de assist\u00eancia social, bioqu\u00edmica, nutri\u00e7\u00e3o, enfermagem, farm\u00e1cia, fisioterapia, fonoaudiologia, psicologia e terapia ocupacional.<\/div>\n<div style=\"text-align: justify;\">\n<\/div>\n<div style=\"text-align: justify;\">\n<b>ONCOLOGIA <\/b>&#8211; Aproveitando a passagem por Caruaru, o secret\u00e1rio anunciou a inaugura\u00e7\u00e3o do Centro de Oncologia do Hospital Mestre Vitalino (HMV) para o m\u00eas de novembro deste ano. O espa\u00e7o contar\u00e1 com 36 leitos e realizar\u00e1 cirurgias oncol\u00f3gicas, al\u00e9m da aplica\u00e7\u00e3o de quimioterapia. O Centro ser\u00e1 refer\u00eancia para a popula\u00e7\u00e3o da II Macrorregional de Sa\u00fade, que engloba 53 munic\u00edpios do Agreste Pernambucano.<\/div>\n<div style=\"text-align: justify;\">\n<\/div>\n","protected":false},"excerpt":{"rendered":"<p>O Hospital S\u00e3o Sebasti\u00e3o (HSS), em Caruaru, no agreste pernambucano, j\u00e1 est\u00e1 funcionando com 40 leitos ativos. Em apenas 50&hellip;<\/p>\n","protected":false},"author":1,"featured_media":0,"comment_status":"open","ping_status":"open","sticky":false,"template":"","format":"standard","meta":{"footnotes":""},"categories":[1],"tags":[2,915,6],"class_list":["post-968","post","type-post","status-publish","format-standard","hentry","category-sem-categoria","tag-blog-do-edvaldo-magalhaes","tag-hospital-sao-sebastiao-ja-funciona-com-40-leitos-ativos","tag-noticias"],"_links":{"self":[{"href":"https:\/\/blogdoedvaldomagalhaes.com.br\/index.php\/wp-json\/wp\/v2\/posts\/968","targetHints":{"allow":["GET"]}}],"collection":[{"href":"https:\/\/blogdoedvaldomagalhaes.com.br\/index.php\/wp-json\/wp\/v2\/posts"}],"about":[{"href":"https:\/\/blogdoedvaldomagalhaes.com.br\/index.php\/wp-json\/wp\/v2\/types\/post"}],"author":[{"embeddable":true,"href":"https:\/\/blogdoedvaldomagalhaes.com.br\/index.php\/wp-json\/wp\/v2\/users\/1"}],"replies":[{"embeddable":true,"href":"https:\/\/blogdoedvaldomagalhaes.com.br\/index.php\/wp-json\/wp\/v2\/comments?post=968"}],"version-history":[{"count":1,"href":"https:\/\/blogdoedvaldomagalhaes.com.br\/index.php\/wp-json\/wp\/v2\/posts\/968\/revisions"}],"predecessor-version":[{"id":35005,"href":"https:\/\/blogdoedvaldomagalhaes.com.br\/index.php\/wp-json\/wp\/v2\/posts\/968\/revisions\/35005"}],"wp:attachment":[{"href":"https:\/\/blogdoedvaldomagalhaes.com.br\/index.php\/wp-json\/wp\/v2\/media?parent=968"}],"wp:term":[{"taxonomy":"category","embeddable":true,"href":"https:\/\/blogdoedvaldomagalhaes.com.br\/index.php\/wp-json\/wp\/v2\/categories?post=968"},{"taxonomy":"post_tag","embeddable":true,"href":"https:\/\/blogdoedvaldomagalhaes.com.br\/index.php\/wp-json\/wp\/v2\/tags?post=968"}],"curies":[{"name":"wp","href":"https:\/\/api.w.org\/{rel}","templated":true}]}}