{"id":96756,"date":"2023-05-30T17:04:03","date_gmt":"2023-05-30T20:04:03","guid":{"rendered":"https:\/\/blogdoedvaldomagalhaes.com.br\/?p=96756"},"modified":"2023-05-30T22:35:43","modified_gmt":"2023-05-31T01:35:43","slug":"morre-ex-vereador-de-caruaru-elias-soares","status":"publish","type":"post","link":"https:\/\/blogdoedvaldomagalhaes.com.br\/index.php\/2023\/05\/30\/morre-ex-vereador-de-caruaru-elias-soares\/","title":{"rendered":"Morre ex-vereador de Caruaru, Elias Soares"},"content":{"rendered":"<p style=\"text-align: justify;\">Morreu na tarde desta ter\u00e7a-feira (30), o ex-vereador de Caruaru, Elias Soares, aos 94 anos de idade. O corpo est\u00e1 na UTI do hospital e o vel\u00f3rio ser\u00e1 no Plen\u00e1rio da C\u00e2mara de Vereadores.<\/p>\n<p style=\"text-align: justify;\">Elias Soares foi vereador por sete vezes e ainda ficou na supl\u00eancia uma vez. Elias Soares exerceu mandatos entre 1963\/1996.<\/p>\n<p style=\"text-align: justify;\">Em uma das visitas na C\u00e2mara, Elias Soares afirmou: \u201cSempre que posso visito a C\u00e2mara \u2013 a pol\u00edtica est\u00e1 no meu sangue\u201d.<\/p>\n<p>Foto: Vladimir Barreto.<\/p>\n\n\n<figure class=\"wp-block-image size-full\"><img loading=\"lazy\" decoding=\"async\" width=\"764\" height=\"401\" src=\"https:\/\/blogdoedvaldomagalhaes.com.br\/wp-content\/uploads\/2023\/05\/images-4.jpeg\" alt=\"\" class=\"wp-image-96758\" srcset=\"https:\/\/blogdoedvaldomagalhaes.com.br\/wp-content\/uploads\/2023\/05\/images-4.jpeg 764w, https:\/\/blogdoedvaldomagalhaes.com.br\/wp-content\/uploads\/2023\/05\/images-4-300x157.jpeg 300w\" sizes=\"auto, (max-width: 764px) 100vw, 764px\" \/><\/figure>\n\n\n<p style=\"text-align: justify;\"><strong>NOTA DE PESAR<\/strong><\/p>\n<p style=\"text-align: justify;\">\u00c9 com profundo pesar que recebo a not\u00edcia da morte do ex-vereador de Caruaru Elias Soares. <br>Um parlamentar que deixa um legado de excelentes servi\u00e7os prestados \u00e0 sociedade caruaruense, com sete mandatos, entre os anos de 1963 a 1996. Seu trabalho em prol do povo de Caruaru estar\u00e1 para sempre em nossa mem\u00f3ria. Prestamos nossa solidariedade para com todos os parentes e amigos do ex-parlamentar. Que Deus conforte e console o cora\u00e7\u00e3o de todos.<\/p>\n<p style=\"text-align: justify;\">Anderson Correia<br>Vereador de Caruaru<\/p>\n\n\n<figure class=\"wp-block-image size-large is-resized\"><img loading=\"lazy\" decoding=\"async\" src=\"https:\/\/blogdoedvaldomagalhaes.com.br\/wp-content\/uploads\/2023\/05\/IMG-20230530-WA0155-706x1024.jpg\" alt=\"\" class=\"wp-image-96774\" width=\"344\" height=\"498\" srcset=\"https:\/\/blogdoedvaldomagalhaes.com.br\/wp-content\/uploads\/2023\/05\/IMG-20230530-WA0155-706x1024.jpg 706w, https:\/\/blogdoedvaldomagalhaes.com.br\/wp-content\/uploads\/2023\/05\/IMG-20230530-WA0155-207x300.jpg 207w, https:\/\/blogdoedvaldomagalhaes.com.br\/wp-content\/uploads\/2023\/05\/IMG-20230530-WA0155-768x1114.jpg 768w, https:\/\/blogdoedvaldomagalhaes.com.br\/wp-content\/uploads\/2023\/05\/IMG-20230530-WA0155.jpg 829w\" sizes=\"auto, (max-width: 344px) 100vw, 344px\" \/><\/figure>\n\n\n<p style=\"text-align: justify;\"><strong><span style=\"font-size: revert; color: initial;\">NOTA DE PESAR<\/span><\/strong><\/p>\n<p style=\"text-align: justify;\">A Unimed Caruaru, lamenta profundamente o falecimento do ex-vereador Elias Soares da Silva, 94 anos, ocorrido \u00e0s 15h15 desta ter\u00e7a-feira (30), no Hospital Unimed Caruaru.<\/p>\n<p>O paciente estava internado h\u00e1 19 dias e veio a \u00f3bito por complica\u00e7\u00f5es decorrentes do quadro cl\u00ednico que levaram \u00e0 infec\u00e7\u00e3o generalizada.<\/p>\n<p>Manifestamos sinceras condol\u00eancias a todos os familiares, eleitores e amigos.<\/p>\n<p style=\"text-align: justify;\">Atenciosamente,<\/p>\n<p style=\"text-align: justify;\">Dr. Ant\u00f4nio J\u00fanior <br>Diretor T\u00e9cnico do Hospital Unimed Caruaru<\/p>\n\n\n<figure class=\"wp-block-image size-large\"><img loading=\"lazy\" decoding=\"async\" width=\"819\" height=\"1024\" src=\"https:\/\/blogdoedvaldomagalhaes.com.br\/wp-content\/uploads\/2023\/05\/IMG-20230530-WA0184-819x1024.jpg\" alt=\"\" class=\"wp-image-96784\" srcset=\"https:\/\/blogdoedvaldomagalhaes.com.br\/wp-content\/uploads\/2023\/05\/IMG-20230530-WA0184-819x1024.jpg 819w, https:\/\/blogdoedvaldomagalhaes.com.br\/wp-content\/uploads\/2023\/05\/IMG-20230530-WA0184-240x300.jpg 240w, https:\/\/blogdoedvaldomagalhaes.com.br\/wp-content\/uploads\/2023\/05\/IMG-20230530-WA0184-768x960.jpg 768w, https:\/\/blogdoedvaldomagalhaes.com.br\/wp-content\/uploads\/2023\/05\/IMG-20230530-WA0184.jpg 1080w\" sizes=\"auto, (max-width: 819px) 100vw, 819px\" \/><\/figure>\n\n\n<p style=\"text-align: justify;\">Nota de Pesar<\/p>\n<p style=\"text-align: justify;\">Foi com profundo pesar que recebi a not\u00edcia do falecimento do Sr. Elias Soares. Ele foi vereador de Caruaru por at\u00e9 mandatos entre 1963 e 1996, assumindo a presid\u00eancia da C\u00e2mara por duas vezes.<\/p>\n<p style=\"text-align: justify;\">O ex-vereador tamb\u00e9m foi presidente do Central Sport Club, em toda sua trajet\u00f3ria prestou relevantes servi\u00e7os a nossa cidade.<\/p>\n<p style=\"text-align: justify;\">Nossas sinceras condol\u00eancias \u00e0 fam\u00edlia e amigos neste momento dif\u00edcil. Que encontrem conforto nas lembran\u00e7as e no amor que deixou como legado.<\/p>\n<p>Galego de Lajes &#8211; Vereador de Caruaru&nbsp;<\/p>\n<p><strong>Nota de Pesar&nbsp;<\/strong><\/p>\n<p style=\"text-align: justify;\">Vereador Leonardo Chaves lamenta a perda do amigo Elias Soares<\/p>\n<p style=\"text-align: justify;\">\u00c9 uma perda muito grande para Caruaru, porque Elias era um dos patrim\u00f4nios da nossa cidade, como centralista que sempre foi, ajudou o Central muito. Foi vereador comigo durante muitos anos e foi tamb\u00e9m presidente da C\u00e2mara Municipal de Caruaru.<\/p>\n<p style=\"text-align: justify;\">Foi uma pessoa de muito boa conviv\u00eancia. Sempre se preocupou com o bem estar da coletividade e de nossa cidade. \u00c9 amigo e me lembro muito bem quando ele deixou de ser vereador, junto com Tony Gel, n\u00f3s procuramos ajud\u00e1-lo da melhor forma poss\u00edvel.<\/p>\n<p style=\"text-align: justify;\">Ele foi uma pessoa important\u00edssima para o Legislativo e para Caruaru.<\/p>\n<p style=\"text-align: justify;\">N\u00f3s lamentamos a morte de nosso companheiro e amigo Elias Soares. Neste momento doloroso, venho externar meus sentimentos, e me solidarizar com a fam\u00edlia. Rogo a Deus o leve para sua mans\u00e3o celestial, pois ele enquanto esteve em vida s\u00f3 fez muito ajudar as pessoas.<\/p>","protected":false},"excerpt":{"rendered":"<p>Morreu na tarde desta ter\u00e7a-feira (30), o ex-vereador de Caruaru, Elias Soares, aos 94 anos de idade. O corpo est\u00e1&hellip;<\/p>\n","protected":false},"author":1,"featured_media":96757,"comment_status":"closed","ping_status":"open","sticky":false,"template":"","format":"standard","meta":{"footnotes":""},"categories":[14120],"tags":[2,19532,3406,27677],"class_list":["post-96756","post","type-post","status-publish","format-standard","has-post-thumbnail","hentry","category-noticias","tag-blog-do-edvaldo-magalhaes","tag-blog-mais-acessado-e-visualizado-de-caruaru-e-regiao","tag-caruaru","tag-morre-ex-vereador-de-caruaru-elias-soares"],"_links":{"self":[{"href":"https:\/\/blogdoedvaldomagalhaes.com.br\/index.php\/wp-json\/wp\/v2\/posts\/96756","targetHints":{"allow":["GET"]}}],"collection":[{"href":"https:\/\/blogdoedvaldomagalhaes.com.br\/index.php\/wp-json\/wp\/v2\/posts"}],"about":[{"href":"https:\/\/blogdoedvaldomagalhaes.com.br\/index.php\/wp-json\/wp\/v2\/types\/post"}],"author":[{"embeddable":true,"href":"https:\/\/blogdoedvaldomagalhaes.com.br\/index.php\/wp-json\/wp\/v2\/users\/1"}],"replies":[{"embeddable":true,"href":"https:\/\/blogdoedvaldomagalhaes.com.br\/index.php\/wp-json\/wp\/v2\/comments?post=96756"}],"version-history":[{"count":7,"href":"https:\/\/blogdoedvaldomagalhaes.com.br\/index.php\/wp-json\/wp\/v2\/posts\/96756\/revisions"}],"predecessor-version":[{"id":96788,"href":"https:\/\/blogdoedvaldomagalhaes.com.br\/index.php\/wp-json\/wp\/v2\/posts\/96756\/revisions\/96788"}],"wp:featuredmedia":[{"embeddable":true,"href":"https:\/\/blogdoedvaldomagalhaes.com.br\/index.php\/wp-json\/wp\/v2\/media\/96757"}],"wp:attachment":[{"href":"https:\/\/blogdoedvaldomagalhaes.com.br\/index.php\/wp-json\/wp\/v2\/media?parent=96756"}],"wp:term":[{"taxonomy":"category","embeddable":true,"href":"https:\/\/blogdoedvaldomagalhaes.com.br\/index.php\/wp-json\/wp\/v2\/categories?post=96756"},{"taxonomy":"post_tag","embeddable":true,"href":"https:\/\/blogdoedvaldomagalhaes.com.br\/index.php\/wp-json\/wp\/v2\/tags?post=96756"}],"curies":[{"name":"wp","href":"https:\/\/api.w.org\/{rel}","templated":true}]}}