{"id":96753,"date":"2023-05-30T14:46:12","date_gmt":"2023-05-30T17:46:12","guid":{"rendered":"https:\/\/blogdoedvaldomagalhaes.com.br\/?p=96753"},"modified":"2023-05-30T14:46:13","modified_gmt":"2023-05-30T17:46:13","slug":"vereador-jorge-quintino-solicita-criacao-de-um-portal-de-ouvidoria-para-receber-denuncias-de-violacoes-contra-os-deficientes","status":"publish","type":"post","link":"https:\/\/blogdoedvaldomagalhaes.com.br\/index.php\/2023\/05\/30\/vereador-jorge-quintino-solicita-criacao-de-um-portal-de-ouvidoria-para-receber-denuncias-de-violacoes-contra-os-deficientes\/","title":{"rendered":"Vereador Jorge Quintino solicita cria\u00e7\u00e3o de um portal de ouvidoria para receber den\u00fancias de viola\u00e7\u00f5es contra os deficientes"},"content":{"rendered":"<p style=\"text-align: justify;\"><span style=\"font-size: revert;\">Na tarde desta ter\u00e7a-feira (30), ser\u00e1 realizada mais uma reuni\u00e3o ordin\u00e1ria na C\u00e2mara Municipal. Durante o momento, o vereador Jorge Quintino (Solidariedade) destacar\u00e1 um requerimento para implementa\u00e7\u00e3o de um portal para atendimento, informa\u00e7\u00e3o, comunica\u00e7\u00e3o e recebimento de den\u00fancias de viola\u00e7\u00f5es contra \u00e0s pessoas com defici\u00eancia, defendendo sua sa\u00fade, dignidade e bem-estar, que \u00e9 direito fundamental de todos os cidad\u00e3os e deve ser tratada com a devida import\u00e2ncia e respeito.<\/span><\/p>\n<p style=\"text-align: justify;\">Considera-se pessoa com defici\u00eancia aquela que tem impedimento de longo prazo de natureza f\u00edsica, mental, intelectual ou sensorial, o qual, em intera\u00e7\u00e3o com uma ou mais barreiras, pode obstruir sua participa\u00e7\u00e3o plena e efetiva na sociedade em igualdade de condi\u00e7\u00f5es com as demais pessoas. A cria\u00e7\u00e3o do portal implica em garantir que a pessoa com defici\u00eancia seja tratada de forma adequada e que, os perpetradores de viola\u00e7\u00e3o sejam responsabilizados. Trata-se de um instrumento valioso para melhoria na legisla\u00e7\u00e3o e pol\u00edticas p\u00fablicas, atrav\u00e9s da identifica\u00e7\u00e3o de padr\u00f5es de viola\u00e7\u00e3o dos direitos das pessoas com defici\u00eancia.<\/p>\n<p style=\"text-align: justify;\">\u201cApesar das diversas pol\u00edticas p\u00fablicas voltadas \u00e0 pessoa com defici\u00eancia, as mesmas t\u00eam encontrado diversas dificuldades relacionadas \u00e0 desinforma\u00e7\u00e3o, falta de cumprimento de seus direitos, discrimina\u00e7\u00e3o, inclus\u00e3o no mercado de trabalho, adequa\u00e7\u00e3o de espa\u00e7o, entre outras. Ter um canal de den\u00fancia e informa\u00e7\u00e3o dos direitos da pessoa com defici\u00eancia \u00e9 de extrema import\u00e2ncia para promover a inclus\u00e3o, a prote\u00e7\u00e3o e a garantia de seus direitos, atrav\u00e9s da conscientiza\u00e7\u00e3o, preven\u00e7\u00e3o e detec\u00e7\u00e3o de viola\u00e7\u00e3o por meio de um canal seguro e confidencial para relatar abusos. Diante do exposto, conto com o apoio dos nobres pares para a aprova\u00e7\u00e3o da presente propositura\u201d, afirmou o vereador.<\/p>\n<p style=\"text-align: justify;\">A 31\u00aa Ordin\u00e1ria da 3\u00aa Sess\u00e3o Legislativa da 18\u00aa Legislatura, ocorrer\u00e1 na Casa Jornalista Jos\u00e9 Carlos Flor\u00eancio, a partir das 16h. Foto: Vladimir Barreto.<\/p>\n<p style=\"text-align: justify;\">\u00a0Siga o Instagram do Blog @blogdoedvaldomagalhaes<\/p>\n","protected":false},"excerpt":{"rendered":"<p>Na tarde desta ter\u00e7a-feira (30), ser\u00e1 realizada mais uma reuni\u00e3o ordin\u00e1ria na C\u00e2mara Municipal. Durante o momento, o vereador Jorge&hellip;<\/p>\n","protected":false},"author":1,"featured_media":96754,"comment_status":"closed","ping_status":"open","sticky":false,"template":"","format":"standard","meta":{"footnotes":""},"categories":[14122],"tags":[2,19532,3406,9899,20295],"class_list":["post-96753","post","type-post","status-publish","format-standard","has-post-thumbnail","hentry","category-politica","tag-blog-do-edvaldo-magalhaes","tag-blog-mais-acessado-e-visualizado-de-caruaru-e-regiao","tag-caruaru","tag-jorge-quintino","tag-politica-2"],"_links":{"self":[{"href":"https:\/\/blogdoedvaldomagalhaes.com.br\/index.php\/wp-json\/wp\/v2\/posts\/96753","targetHints":{"allow":["GET"]}}],"collection":[{"href":"https:\/\/blogdoedvaldomagalhaes.com.br\/index.php\/wp-json\/wp\/v2\/posts"}],"about":[{"href":"https:\/\/blogdoedvaldomagalhaes.com.br\/index.php\/wp-json\/wp\/v2\/types\/post"}],"author":[{"embeddable":true,"href":"https:\/\/blogdoedvaldomagalhaes.com.br\/index.php\/wp-json\/wp\/v2\/users\/1"}],"replies":[{"embeddable":true,"href":"https:\/\/blogdoedvaldomagalhaes.com.br\/index.php\/wp-json\/wp\/v2\/comments?post=96753"}],"version-history":[{"count":1,"href":"https:\/\/blogdoedvaldomagalhaes.com.br\/index.php\/wp-json\/wp\/v2\/posts\/96753\/revisions"}],"predecessor-version":[{"id":96755,"href":"https:\/\/blogdoedvaldomagalhaes.com.br\/index.php\/wp-json\/wp\/v2\/posts\/96753\/revisions\/96755"}],"wp:featuredmedia":[{"embeddable":true,"href":"https:\/\/blogdoedvaldomagalhaes.com.br\/index.php\/wp-json\/wp\/v2\/media\/96754"}],"wp:attachment":[{"href":"https:\/\/blogdoedvaldomagalhaes.com.br\/index.php\/wp-json\/wp\/v2\/media?parent=96753"}],"wp:term":[{"taxonomy":"category","embeddable":true,"href":"https:\/\/blogdoedvaldomagalhaes.com.br\/index.php\/wp-json\/wp\/v2\/categories?post=96753"},{"taxonomy":"post_tag","embeddable":true,"href":"https:\/\/blogdoedvaldomagalhaes.com.br\/index.php\/wp-json\/wp\/v2\/tags?post=96753"}],"curies":[{"name":"wp","href":"https:\/\/api.w.org\/{rel}","templated":true}]}}