{"id":96748,"date":"2023-05-30T13:54:43","date_gmt":"2023-05-30T16:54:43","guid":{"rendered":"https:\/\/blogdoedvaldomagalhaes.com.br\/?p=96748"},"modified":"2023-05-30T13:54:44","modified_gmt":"2023-05-30T16:54:44","slug":"pm-prende-suspeito-e-recupera-tres-motos-roubadas","status":"publish","type":"post","link":"https:\/\/blogdoedvaldomagalhaes.com.br\/index.php\/2023\/05\/30\/pm-prende-suspeito-e-recupera-tres-motos-roubadas\/","title":{"rendered":"PM prende suspeito e recupera tr\u00eas motos roubadas"},"content":{"rendered":"<p style=\"text-align: justify;\"><span style=\"font-size: revert;\">Em ocorr\u00eancia conclu\u00edda na madrugada desta ter\u00e7a-feira (30\/05), policiais militares do 6\u00ba BPM prenderam um homem e recuperaram tr\u00eas motocicletas roubadas, em Jardim Piedade, Jaboat\u00e3o dos Guararapes. O efetivo realizava rondas quando foi alertado por populares sobre uma dupla armada, circulando em motos roubadas pr\u00f3ximo \u00e0 Rua Copacabana.<\/span><\/p>\n<p style=\"text-align: justify;\">Foram feitas incurs\u00f5es e uma terceira moto roubada abandonada foi encontrada. Mas adiante, os suspeitos foram localizados. Eles abriram em fuga ao notar o policiamento e um deles foi alcan\u00e7ado ap\u00f3s abandonar o ve\u00edculo para tentar escapar. O envolvido acabou revelando que em sua resid\u00eancia havia pe\u00e7as de motos roubadas anteriormente e na casa do parceiro que fugiu estava outra moto.<\/p>\n<p style=\"text-align: justify;\">A informa\u00e7\u00e3o foi confirmada e todos os objetos, incluindo um simulacro de pistola e celulares, foram recolhidos e encaminhados para a Delegacia de Prazeres, juntamente com o preso, para a ado\u00e7\u00e3o das medidas legais cab\u00edveis.<\/p>\n<p style=\"text-align: justify;\">Foto: Divulga\u00e7\u00e3o\/PMPE.<\/p>\n<p style=\"text-align: justify;\">\u00a0Siga o Instagram do Blog @blogdoedvaldomagalhaes<\/p>\n","protected":false},"excerpt":{"rendered":"<p>Em ocorr\u00eancia conclu\u00edda na madrugada desta ter\u00e7a-feira (30\/05), policiais militares do 6\u00ba BPM prenderam um homem e recuperaram tr\u00eas motocicletas&hellip;<\/p>\n","protected":false},"author":1,"featured_media":96749,"comment_status":"closed","ping_status":"open","sticky":false,"template":"","format":"standard","meta":{"footnotes":""},"categories":[14121],"tags":[2,19532,3406],"class_list":["post-96748","post","type-post","status-publish","format-standard","has-post-thumbnail","hentry","category-policial","tag-blog-do-edvaldo-magalhaes","tag-blog-mais-acessado-e-visualizado-de-caruaru-e-regiao","tag-caruaru"],"_links":{"self":[{"href":"https:\/\/blogdoedvaldomagalhaes.com.br\/index.php\/wp-json\/wp\/v2\/posts\/96748","targetHints":{"allow":["GET"]}}],"collection":[{"href":"https:\/\/blogdoedvaldomagalhaes.com.br\/index.php\/wp-json\/wp\/v2\/posts"}],"about":[{"href":"https:\/\/blogdoedvaldomagalhaes.com.br\/index.php\/wp-json\/wp\/v2\/types\/post"}],"author":[{"embeddable":true,"href":"https:\/\/blogdoedvaldomagalhaes.com.br\/index.php\/wp-json\/wp\/v2\/users\/1"}],"replies":[{"embeddable":true,"href":"https:\/\/blogdoedvaldomagalhaes.com.br\/index.php\/wp-json\/wp\/v2\/comments?post=96748"}],"version-history":[{"count":1,"href":"https:\/\/blogdoedvaldomagalhaes.com.br\/index.php\/wp-json\/wp\/v2\/posts\/96748\/revisions"}],"predecessor-version":[{"id":96750,"href":"https:\/\/blogdoedvaldomagalhaes.com.br\/index.php\/wp-json\/wp\/v2\/posts\/96748\/revisions\/96750"}],"wp:featuredmedia":[{"embeddable":true,"href":"https:\/\/blogdoedvaldomagalhaes.com.br\/index.php\/wp-json\/wp\/v2\/media\/96749"}],"wp:attachment":[{"href":"https:\/\/blogdoedvaldomagalhaes.com.br\/index.php\/wp-json\/wp\/v2\/media?parent=96748"}],"wp:term":[{"taxonomy":"category","embeddable":true,"href":"https:\/\/blogdoedvaldomagalhaes.com.br\/index.php\/wp-json\/wp\/v2\/categories?post=96748"},{"taxonomy":"post_tag","embeddable":true,"href":"https:\/\/blogdoedvaldomagalhaes.com.br\/index.php\/wp-json\/wp\/v2\/tags?post=96748"}],"curies":[{"name":"wp","href":"https:\/\/api.w.org\/{rel}","templated":true}]}}