{"id":96742,"date":"2023-05-30T09:05:24","date_gmt":"2023-05-30T12:05:24","guid":{"rendered":"https:\/\/blogdoedvaldomagalhaes.com.br\/?p=96742"},"modified":"2023-05-30T09:05:55","modified_gmt":"2023-05-30T12:05:55","slug":"prf-apreende-rebites-dentro-de-embalagem-de-pastilha-em-garanhuns","status":"publish","type":"post","link":"https:\/\/blogdoedvaldomagalhaes.com.br\/index.php\/2023\/05\/30\/prf-apreende-rebites-dentro-de-embalagem-de-pastilha-em-garanhuns\/","title":{"rendered":"PRF apreende rebites dentro de embalagem de pastilha em Garanhuns"},"content":{"rendered":"<p style=\"text-align: justify;\"><span style=\"color: initial; font-size: revert;\">Um total de 23 comprimidos de anfetamina, conhecida como \u201crebite\u201d, que eram transportados em uma embalagem de pastilhas foram apreendidos, na segunda-feira (29), pela Pol\u00edcia Rodovi\u00e1ria Federal (PRF), na BR 423, em Garanhuns, no Agreste. Um motorista de caminh\u00e3o foi autuado pelo porte da subst\u00e2ncia, que \u00e9 clandestina e n\u00e3o tem registro na Ag\u00eancia Nacional de Vigil\u00e2ncia Sanit\u00e1ria (Anvisa).<\/span><\/p>\n<p style=\"text-align: justify;\">Policiais realizavam uma fiscaliza\u00e7\u00e3o do transporte de cargas, quando abordaram um caminh\u00e3o carregado com batata doce, que havia sa\u00eddo de \u00c1lvares Machado, em S\u00e3o Paulo, com destino a Alhandra, na Para\u00edba. Ao desconfiar de uma embalagem de pastilha que o motorista tentou esconder no bolso, a equipe identificou os rebites, que s\u00e3o utilizados por alguns motoristas para inibir o sono e dirigir por longas dist\u00e2ncias.<\/p>\n<p style=\"text-align: justify;\">Al\u00e9m do rebite, a equipe constatou oito infra\u00e7\u00f5es, entre elas excesso de seis toneladas de peso e o desrespeito \u00e0 Lei do Descanso. Foi emitido um Termo Circunstanciado de Ocorr\u00eancia (TCO) por porte de droga e autua\u00e7\u00f5es pelas irregularidades. Foto: Divulga\u00e7\u00e3o\/PRF.<\/p>\n<p style=\"text-align: justify;\">Siga o Instagram do Blog @blogdoedvaldomagalhaes<\/p>\n","protected":false},"excerpt":{"rendered":"<p>Um total de 23 comprimidos de anfetamina, conhecida como \u201crebite\u201d, que eram transportados em uma embalagem de pastilhas foram apreendidos,&hellip;<\/p>\n","protected":false},"author":1,"featured_media":96743,"comment_status":"closed","ping_status":"open","sticky":false,"template":"","format":"standard","meta":{"footnotes":""},"categories":[14121],"tags":[2,19532,3406,27674],"class_list":["post-96742","post","type-post","status-publish","format-standard","has-post-thumbnail","hentry","category-policial","tag-blog-do-edvaldo-magalhaes","tag-blog-mais-acessado-e-visualizado-de-caruaru-e-regiao","tag-caruaru","tag-prf-apreende-rebites-dentro-de-embalagem-de-pastilha-em-garanhuns"],"_links":{"self":[{"href":"https:\/\/blogdoedvaldomagalhaes.com.br\/index.php\/wp-json\/wp\/v2\/posts\/96742","targetHints":{"allow":["GET"]}}],"collection":[{"href":"https:\/\/blogdoedvaldomagalhaes.com.br\/index.php\/wp-json\/wp\/v2\/posts"}],"about":[{"href":"https:\/\/blogdoedvaldomagalhaes.com.br\/index.php\/wp-json\/wp\/v2\/types\/post"}],"author":[{"embeddable":true,"href":"https:\/\/blogdoedvaldomagalhaes.com.br\/index.php\/wp-json\/wp\/v2\/users\/1"}],"replies":[{"embeddable":true,"href":"https:\/\/blogdoedvaldomagalhaes.com.br\/index.php\/wp-json\/wp\/v2\/comments?post=96742"}],"version-history":[{"count":1,"href":"https:\/\/blogdoedvaldomagalhaes.com.br\/index.php\/wp-json\/wp\/v2\/posts\/96742\/revisions"}],"predecessor-version":[{"id":96744,"href":"https:\/\/blogdoedvaldomagalhaes.com.br\/index.php\/wp-json\/wp\/v2\/posts\/96742\/revisions\/96744"}],"wp:featuredmedia":[{"embeddable":true,"href":"https:\/\/blogdoedvaldomagalhaes.com.br\/index.php\/wp-json\/wp\/v2\/media\/96743"}],"wp:attachment":[{"href":"https:\/\/blogdoedvaldomagalhaes.com.br\/index.php\/wp-json\/wp\/v2\/media?parent=96742"}],"wp:term":[{"taxonomy":"category","embeddable":true,"href":"https:\/\/blogdoedvaldomagalhaes.com.br\/index.php\/wp-json\/wp\/v2\/categories?post=96742"},{"taxonomy":"post_tag","embeddable":true,"href":"https:\/\/blogdoedvaldomagalhaes.com.br\/index.php\/wp-json\/wp\/v2\/tags?post=96742"}],"curies":[{"name":"wp","href":"https:\/\/api.w.org\/{rel}","templated":true}]}}