{"id":96724,"date":"2023-05-29T21:43:58","date_gmt":"2023-05-30T00:43:58","guid":{"rendered":"https:\/\/blogdoedvaldomagalhaes.com.br\/?p=96724"},"modified":"2023-05-29T22:46:26","modified_gmt":"2023-05-30T01:46:26","slug":"acusado-de-matar-desafeto-fica-ferido-em-troca-de-tiros-com-a-pm-e-mulher-e-baleada-em-caruaru","status":"publish","type":"post","link":"https:\/\/blogdoedvaldomagalhaes.com.br\/index.php\/2023\/05\/29\/acusado-de-matar-desafeto-fica-ferido-em-troca-de-tiros-com-a-pm-e-mulher-e-baleada-em-caruaru\/","title":{"rendered":"Acusado de matar desafeto morre no HRA, ap\u00f3s troca de tiros com a PM; Mulher \u00e9 baleada em Caruaru"},"content":{"rendered":"<p style=\"text-align: justify;\">A pol\u00edcia registrou um homic\u00eddio na noite desta segunda-feira (29), no bairro Centen\u00e1rio, tendo como v\u00edtima Ruan Gabriel da Silva, 19 anos, conhecido como \u201cMatuto\u201c, e soube que o acusado teria fugido pelas escadarias do Monte Bom Jesus, sendo iniciada a persegui\u00e7\u00e3o.<\/p>\n<p style=\"text-align: justify;\">Segundo informa\u00e7\u00f5es, o acusado Marco Aur\u00e9lio da Silva Lira, 19 anos de idade, residente na rua Cuiab\u00e1, no bairro S\u00e3o Francisco, em Caruaru, estava escondido em uma casa, recebendo os policiais militares a tiros. Os PMs<span style=\"font-size: revert; color: initial;\"> reagiram a injusta agress\u00e3o, o acusado foi atingido pelos disparos de arma de fogo, socorrido para o Hospital Regional do Agreste (HRA), onde n\u00e3o resistiu aos ferimentos e morreu. O acusado <\/span><span style=\"font-size: revert; color: initial;\">estava com um rev\u00f3lver calibre 38, e v\u00e1rias c\u00e1psulas deflagradas.<\/span><\/p>\n<p style=\"text-align: justify;\">Esse foi o 14\u00b0 homic\u00eddio no m\u00eas de maio, e o 64\u00b0 no ano de 2023, em Caruaru\u00a0<\/p>\n<p style=\"text-align: justify;\">Outro caso foi registrado pela pol\u00edcia (foto), nesta noite de segunda-feira (29), quando uma\u00a0 mulher de 83 anos de idade, foi baleada na Vila Teimosa, no bairro Vassoural, <span style=\"font-size: revert;\">em Caruaru, sendo socorrida para o Hospital Regional do Agreste (HRA).\u00a0<\/span><\/p>\n<p style=\"text-align: justify;\">Siga o Instagram do Blog @blogdoedvaldomagalhaes<\/p>\n\n\n<figure class=\"wp-block-image size-full is-resized\"><img loading=\"lazy\" decoding=\"async\" src=\"https:\/\/blogdoedvaldomagalhaes.com.br\/wp-content\/uploads\/2023\/05\/5DBFE064-93FC-492D-B028-B2632450AAA3.jpeg\" alt=\"\" class=\"wp-image-96731\" width=\"473\" height=\"446\" srcset=\"https:\/\/blogdoedvaldomagalhaes.com.br\/wp-content\/uploads\/2023\/05\/5DBFE064-93FC-492D-B028-B2632450AAA3.jpeg 417w, https:\/\/blogdoedvaldomagalhaes.com.br\/wp-content\/uploads\/2023\/05\/5DBFE064-93FC-492D-B028-B2632450AAA3-300x283.jpeg 300w\" sizes=\"auto, (max-width: 473px) 100vw, 473px\" \/><figcaption class=\"wp-element-caption\">Marco Aur\u00e9lio da Silva <\/figcaption><\/figure>\n","protected":false},"excerpt":{"rendered":"<p>A pol\u00edcia registrou um homic\u00eddio na noite desta segunda-feira (29), no bairro Centen\u00e1rio, tendo como v\u00edtima Ruan Gabriel da Silva,&hellip;<\/p>\n","protected":false},"author":1,"featured_media":96725,"comment_status":"closed","ping_status":"open","sticky":false,"template":"","format":"standard","meta":{"footnotes":""},"categories":[1],"tags":[27673,2,19532,3406],"class_list":["post-96724","post","type-post","status-publish","format-standard","has-post-thumbnail","hentry","category-sem-categoria","tag-acusado-de-matar-desafeto-fica-ferido-em-troca-de-tiros-com-a-pm-e-mulher-e-baleada-em-caruaru","tag-blog-do-edvaldo-magalhaes","tag-blog-mais-acessado-e-visualizado-de-caruaru-e-regiao","tag-caruaru"],"_links":{"self":[{"href":"https:\/\/blogdoedvaldomagalhaes.com.br\/index.php\/wp-json\/wp\/v2\/posts\/96724","targetHints":{"allow":["GET"]}}],"collection":[{"href":"https:\/\/blogdoedvaldomagalhaes.com.br\/index.php\/wp-json\/wp\/v2\/posts"}],"about":[{"href":"https:\/\/blogdoedvaldomagalhaes.com.br\/index.php\/wp-json\/wp\/v2\/types\/post"}],"author":[{"embeddable":true,"href":"https:\/\/blogdoedvaldomagalhaes.com.br\/index.php\/wp-json\/wp\/v2\/users\/1"}],"replies":[{"embeddable":true,"href":"https:\/\/blogdoedvaldomagalhaes.com.br\/index.php\/wp-json\/wp\/v2\/comments?post=96724"}],"version-history":[{"count":9,"href":"https:\/\/blogdoedvaldomagalhaes.com.br\/index.php\/wp-json\/wp\/v2\/posts\/96724\/revisions"}],"predecessor-version":[{"id":96741,"href":"https:\/\/blogdoedvaldomagalhaes.com.br\/index.php\/wp-json\/wp\/v2\/posts\/96724\/revisions\/96741"}],"wp:featuredmedia":[{"embeddable":true,"href":"https:\/\/blogdoedvaldomagalhaes.com.br\/index.php\/wp-json\/wp\/v2\/media\/96725"}],"wp:attachment":[{"href":"https:\/\/blogdoedvaldomagalhaes.com.br\/index.php\/wp-json\/wp\/v2\/media?parent=96724"}],"wp:term":[{"taxonomy":"category","embeddable":true,"href":"https:\/\/blogdoedvaldomagalhaes.com.br\/index.php\/wp-json\/wp\/v2\/categories?post=96724"},{"taxonomy":"post_tag","embeddable":true,"href":"https:\/\/blogdoedvaldomagalhaes.com.br\/index.php\/wp-json\/wp\/v2\/tags?post=96724"}],"curies":[{"name":"wp","href":"https:\/\/api.w.org\/{rel}","templated":true}]}}