{"id":96710,"date":"2023-05-29T19:32:58","date_gmt":"2023-05-29T22:32:58","guid":{"rendered":"https:\/\/blogdoedvaldomagalhaes.com.br\/?p=96710"},"modified":"2023-05-29T19:32:59","modified_gmt":"2023-05-29T22:32:59","slug":"prefeitura-de-caruaru-e-governo-pe-iniciam-entendimento-para-renovacao-do-contrato-de-concessao-com-a-compesa","status":"publish","type":"post","link":"https:\/\/blogdoedvaldomagalhaes.com.br\/index.php\/2023\/05\/29\/prefeitura-de-caruaru-e-governo-pe-iniciam-entendimento-para-renovacao-do-contrato-de-concessao-com-a-compesa\/","title":{"rendered":"Prefeitura de Caruaru e Governo-PE iniciam entendimento para renova\u00e7\u00e3o do contrato de concess\u00e3o com a Compesa"},"content":{"rendered":"<p style=\"text-align: justify;\"><span style=\"color: initial; font-size: revert;\">O secret\u00e1rio de Recursos H\u00eddricos do Estado, Almir Cirilo, o presidente da Compesa, Romildo Porto e diretores da empresa foram recebidos no gabinete do prefeito de Caruaru, Rodrigo Pinheiro, na manh\u00e3 desta segunda-feira (29). Em pauta: a renova\u00e7\u00e3o do contrato de concess\u00e3o dos servi\u00e7os de abastecimento de \u00e1gua e esgotamento sanit\u00e1rio em Caruaru. Al\u00e9m do prefeito, participaram do encontro o procurador geral do munic\u00edpio, Dimitre Bezerra, e secret\u00e1rios.<\/span><\/p>\n<p style=\"text-align: justify;\">Os representantes do governo estadual apresentaram dados sobre o Plano de Investimentos para Caruaru e explica\u00e7\u00f5es sobre a necessidade da renova\u00e7\u00e3o do contrato de concess\u00e3o para a capta\u00e7\u00e3o de novos dos recursos necess\u00e1rios para que o munic\u00edpio atinja a universaliza\u00e7\u00e3o dos servi\u00e7os at\u00e9 2033, uma vez que o contrato de concess\u00e3o expirou em 2021. O prefeito de Caruaru demonstrou total interesse em renovar a parceria com a Compesa.<\/p>\n<p style=\"text-align: justify;\">Em Caruaru, ser\u00e1 necess\u00e1rio investir o montante de 1,2 bilh\u00e3o para universalizar os servi\u00e7os de \u00e1gua e esgoto na cidade. Entre as a\u00e7\u00f5es previstas est\u00e3o amplia\u00e7\u00e3o, substitui\u00e7\u00e3o e setoriza\u00e7\u00e3o da rede de distribui\u00e7\u00e3o, constru\u00e7\u00e3o e recupera\u00e7\u00e3o de estruturas, bem como obras de expans\u00e3o do sistema de esgotamento sanit\u00e1rio. \u201cHoje \u00e9 um dia hist\u00f3rico para Caruaru. Tratamos de um assunto pertinente para todos os caruaruenses. Agrade\u00e7o a decis\u00e3o da governadora Raquel Lyra em dialogar e trazer toda a equipe t\u00e9cnica da Compesa para que possamos avan\u00e7ar, em breve, com as a\u00e7\u00f5es estruturais em benef\u00edcio do nosso povo\u201d, disse Pinheiro.<\/p>\n<p style=\"text-align: justify;\">\u201cCaruaru ser\u00e1 uma das cidades que receber\u00e3o o maior volume de \u00e1gua da Adutora do Agreste. At\u00e9 o fim deste ano, a cidade dever\u00e1 receber esse incremento e ser\u00e1 preciso buscar dinheiro para fazer os investimentos da rede de distribui\u00e7\u00e3o, dado o crescimento vertiginoso da cidade nos \u00faltimos anos.\u201d, afirmou o secret\u00e1rio de Recursos H\u00eddricos, Almir Cirilo.<\/p>\n<p style=\"text-align: justify;\">O presidente da Compesa, Romildo Porto, disse que s\u00e3o necess\u00e1rios R$ 21 bilh\u00f5es para investimento em obras de \u00e1gua e esgoto para Pernambuco atingir a universaliza\u00e7\u00e3o estipulada pelo Marco do Saneamento at\u00e9 2033. &#8220;Para isso, a Compesa est\u00e1 em busca de novas formas de capta\u00e7\u00e3o de recursos visando o cumprimento do Marco do Saneamento&#8221;, finalizou Porto.<\/p>\n<p style=\"text-align: justify;\">Siga o Instagram do Blog @blogdoedvaldomagalhaes<\/p>\n\n\n<figure class=\"wp-block-image size-large\"><img loading=\"lazy\" decoding=\"async\" width=\"1024\" height=\"683\" src=\"https:\/\/blogdoedvaldomagalhaes.com.br\/wp-content\/uploads\/2023\/05\/IMG-20230529-WA0191-1024x683.jpg\" alt=\"\" class=\"wp-image-96711\" srcset=\"https:\/\/blogdoedvaldomagalhaes.com.br\/wp-content\/uploads\/2023\/05\/IMG-20230529-WA0191-1024x683.jpg 1024w, https:\/\/blogdoedvaldomagalhaes.com.br\/wp-content\/uploads\/2023\/05\/IMG-20230529-WA0191-300x200.jpg 300w, https:\/\/blogdoedvaldomagalhaes.com.br\/wp-content\/uploads\/2023\/05\/IMG-20230529-WA0191-768x512.jpg 768w, https:\/\/blogdoedvaldomagalhaes.com.br\/wp-content\/uploads\/2023\/05\/IMG-20230529-WA0191-1536x1024.jpg 1536w, https:\/\/blogdoedvaldomagalhaes.com.br\/wp-content\/uploads\/2023\/05\/IMG-20230529-WA0191.jpg 1600w\" sizes=\"auto, (max-width: 1024px) 100vw, 1024px\" \/><figcaption class=\"wp-element-caption\">Fotos: Divulga\u00e7\u00e3o <\/figcaption><\/figure>\n","protected":false},"excerpt":{"rendered":"<p>O secret\u00e1rio de Recursos H\u00eddricos do Estado, Almir Cirilo, o presidente da Compesa, Romildo Porto e diretores da empresa foram&hellip;<\/p>\n","protected":false},"author":1,"featured_media":96712,"comment_status":"closed","ping_status":"open","sticky":false,"template":"","format":"standard","meta":{"footnotes":""},"categories":[14122],"tags":[2,19532,3406,27671],"class_list":["post-96710","post","type-post","status-publish","format-standard","has-post-thumbnail","hentry","category-politica","tag-blog-do-edvaldo-magalhaes","tag-blog-mais-acessado-e-visualizado-de-caruaru-e-regiao","tag-caruaru","tag-prefeitura-de-caruaru-e-governo-pe-iniciam-entendimento-para-renovacao-do-contrato-de-concessao-com-a-compesa"],"_links":{"self":[{"href":"https:\/\/blogdoedvaldomagalhaes.com.br\/index.php\/wp-json\/wp\/v2\/posts\/96710","targetHints":{"allow":["GET"]}}],"collection":[{"href":"https:\/\/blogdoedvaldomagalhaes.com.br\/index.php\/wp-json\/wp\/v2\/posts"}],"about":[{"href":"https:\/\/blogdoedvaldomagalhaes.com.br\/index.php\/wp-json\/wp\/v2\/types\/post"}],"author":[{"embeddable":true,"href":"https:\/\/blogdoedvaldomagalhaes.com.br\/index.php\/wp-json\/wp\/v2\/users\/1"}],"replies":[{"embeddable":true,"href":"https:\/\/blogdoedvaldomagalhaes.com.br\/index.php\/wp-json\/wp\/v2\/comments?post=96710"}],"version-history":[{"count":1,"href":"https:\/\/blogdoedvaldomagalhaes.com.br\/index.php\/wp-json\/wp\/v2\/posts\/96710\/revisions"}],"predecessor-version":[{"id":96713,"href":"https:\/\/blogdoedvaldomagalhaes.com.br\/index.php\/wp-json\/wp\/v2\/posts\/96710\/revisions\/96713"}],"wp:featuredmedia":[{"embeddable":true,"href":"https:\/\/blogdoedvaldomagalhaes.com.br\/index.php\/wp-json\/wp\/v2\/media\/96712"}],"wp:attachment":[{"href":"https:\/\/blogdoedvaldomagalhaes.com.br\/index.php\/wp-json\/wp\/v2\/media?parent=96710"}],"wp:term":[{"taxonomy":"category","embeddable":true,"href":"https:\/\/blogdoedvaldomagalhaes.com.br\/index.php\/wp-json\/wp\/v2\/categories?post=96710"},{"taxonomy":"post_tag","embeddable":true,"href":"https:\/\/blogdoedvaldomagalhaes.com.br\/index.php\/wp-json\/wp\/v2\/tags?post=96710"}],"curies":[{"name":"wp","href":"https:\/\/api.w.org\/{rel}","templated":true}]}}