{"id":96694,"date":"2023-05-29T15:39:44","date_gmt":"2023-05-29T18:39:44","guid":{"rendered":"https:\/\/blogdoedvaldomagalhaes.com.br\/?p=96694"},"modified":"2023-05-29T19:18:15","modified_gmt":"2023-05-29T22:18:15","slug":"terceiro-homicidio-em-caruaru-nesta-segunda-feira-29-crime-dentro-de-faccao","status":"publish","type":"post","link":"https:\/\/blogdoedvaldomagalhaes.com.br\/index.php\/2023\/05\/29\/terceiro-homicidio-em-caruaru-nesta-segunda-feira-29-crime-dentro-de-faccao\/","title":{"rendered":"Terceiro homic\u00eddio em Caruaru nesta segunda-feira (29): crime dentro de fac\u00e7\u00e3o"},"content":{"rendered":"<p style=\"text-align: justify;\">Terceiro homic\u00eddio registrado em Caruaru, nesta segunda-feira (29), desta feita, na rua \u00a0Eduardo Rocha, no bairro Severino Afonso (Afonsinho). O ex-presidi\u00e1rio Jefferson \u00a0Fernandes Alves da Silva, 29 anos de idade, estava trabalhando em uma fac\u00e7\u00e3o, quando chegaram dois indiv\u00edduos entraram no im\u00f3vel e cometeram o assassinato. O propriet\u00e1rio da fac\u00e7\u00e3o, Geraldo Hon\u00f3rio \u00a0Sales foi atingido no p\u00e9 por um dos disparos de arma de fogo. Foto: Adielson Galv\u00e3o.<\/p>\n<p style=\"text-align: justify;\">Esse foi o 12\u00b0 homic\u00eddio no m\u00eas de maio, e o 62\u00b0 no ano de 2023.<\/p>\n<p style=\"text-align: justify;\">Siga o Instagram @blogdoedvaldomagalhaes<\/p>\n\n\n<figure class=\"wp-block-image size-full\"><img loading=\"lazy\" decoding=\"async\" width=\"720\" height=\"716\" src=\"https:\/\/blogdoedvaldomagalhaes.com.br\/wp-content\/uploads\/2023\/05\/82D31501-0E5A-4CA1-9116-D34B471B41E5.jpeg\" alt=\"\" class=\"wp-image-96701\" srcset=\"https:\/\/blogdoedvaldomagalhaes.com.br\/wp-content\/uploads\/2023\/05\/82D31501-0E5A-4CA1-9116-D34B471B41E5.jpeg 720w, https:\/\/blogdoedvaldomagalhaes.com.br\/wp-content\/uploads\/2023\/05\/82D31501-0E5A-4CA1-9116-D34B471B41E5-300x298.jpeg 300w, https:\/\/blogdoedvaldomagalhaes.com.br\/wp-content\/uploads\/2023\/05\/82D31501-0E5A-4CA1-9116-D34B471B41E5-150x150.jpeg 150w\" sizes=\"auto, (max-width: 720px) 100vw, 720px\" \/><figcaption class=\"wp-element-caption\">Jeferson Fernandes <\/figcaption><\/figure>\n","protected":false},"excerpt":{"rendered":"<p>Terceiro homic\u00eddio registrado em Caruaru, nesta segunda-feira (29), desta feita, na rua \u00a0Eduardo Rocha, no bairro Severino Afonso (Afonsinho). O&hellip;<\/p>\n","protected":false},"author":1,"featured_media":96695,"comment_status":"closed","ping_status":"open","sticky":false,"template":"","format":"standard","meta":{"footnotes":""},"categories":[14120],"tags":[2,19532,3406,27670],"class_list":["post-96694","post","type-post","status-publish","format-standard","has-post-thumbnail","hentry","category-noticias","tag-blog-do-edvaldo-magalhaes","tag-blog-mais-acessado-e-visualizado-de-caruaru-e-regiao","tag-caruaru","tag-terceiro-homicidio-em-caruaru-nesta-segunda-feira-29-crime-dentro-de-faccao"],"_links":{"self":[{"href":"https:\/\/blogdoedvaldomagalhaes.com.br\/index.php\/wp-json\/wp\/v2\/posts\/96694","targetHints":{"allow":["GET"]}}],"collection":[{"href":"https:\/\/blogdoedvaldomagalhaes.com.br\/index.php\/wp-json\/wp\/v2\/posts"}],"about":[{"href":"https:\/\/blogdoedvaldomagalhaes.com.br\/index.php\/wp-json\/wp\/v2\/types\/post"}],"author":[{"embeddable":true,"href":"https:\/\/blogdoedvaldomagalhaes.com.br\/index.php\/wp-json\/wp\/v2\/users\/1"}],"replies":[{"embeddable":true,"href":"https:\/\/blogdoedvaldomagalhaes.com.br\/index.php\/wp-json\/wp\/v2\/comments?post=96694"}],"version-history":[{"count":5,"href":"https:\/\/blogdoedvaldomagalhaes.com.br\/index.php\/wp-json\/wp\/v2\/posts\/96694\/revisions"}],"predecessor-version":[{"id":96708,"href":"https:\/\/blogdoedvaldomagalhaes.com.br\/index.php\/wp-json\/wp\/v2\/posts\/96694\/revisions\/96708"}],"wp:featuredmedia":[{"embeddable":true,"href":"https:\/\/blogdoedvaldomagalhaes.com.br\/index.php\/wp-json\/wp\/v2\/media\/96695"}],"wp:attachment":[{"href":"https:\/\/blogdoedvaldomagalhaes.com.br\/index.php\/wp-json\/wp\/v2\/media?parent=96694"}],"wp:term":[{"taxonomy":"category","embeddable":true,"href":"https:\/\/blogdoedvaldomagalhaes.com.br\/index.php\/wp-json\/wp\/v2\/categories?post=96694"},{"taxonomy":"post_tag","embeddable":true,"href":"https:\/\/blogdoedvaldomagalhaes.com.br\/index.php\/wp-json\/wp\/v2\/tags?post=96694"}],"curies":[{"name":"wp","href":"https:\/\/api.w.org\/{rel}","templated":true}]}}