{"id":96685,"date":"2023-05-29T15:00:46","date_gmt":"2023-05-29T18:00:46","guid":{"rendered":"https:\/\/blogdoedvaldomagalhaes.com.br\/?p=96685"},"modified":"2023-05-29T19:18:41","modified_gmt":"2023-05-29T22:18:41","slug":"duplo-homicidio-em-caruaru-jovens-sao-mortos-dentro-de-casa","status":"publish","type":"post","link":"https:\/\/blogdoedvaldomagalhaes.com.br\/index.php\/2023\/05\/29\/duplo-homicidio-em-caruaru-jovens-sao-mortos-dentro-de-casa\/","title":{"rendered":"Duplo homic\u00eddio em Caruaru: Jovens s\u00e3o mortos dentro de casa"},"content":{"rendered":"<p style=\"text-align: justify;\">Um duplo homic\u00eddio foi registrado dentro de uma casa, na tarde desta segunda-feira (29), \u00a0na Travessa S\u00e3o Jos\u00e9, na Comunidade Bonanza, no bairro Santa Rosa, em Caruaru. Os jovens Jos\u00e9 Luciano da Silva, 22 anos, conhecido como \u201cBal\u201d, residente no bairro Vassoural, com passagem pela penitenci\u00e1ria e Lucas Kau\u00ea, conhecido como \u201cSapo\u201d, de 19 anos de idade, propriet\u00e1rio da casa, com passagem pela Funase, \u00a0foram mortos a tiros. Segundo informa\u00e7\u00f5es, homens disseram que eram policiais e executaram as v\u00edtimas.<\/p>\n<p style=\"text-align: justify;\">Com esses dois homic\u00eddios s\u00e3o 11 no m\u00eas de maio, e 61 crimes de morte no ano de 2023. Foto: Adielson Galv\u00e3o.<\/p>\n<p style=\"text-align: justify;\">Siga o Instagram do Blog @blogdoedvaldomagalhaes<\/p>\n","protected":false},"excerpt":{"rendered":"<p>Um duplo homic\u00eddio foi registrado dentro de uma casa, na tarde desta segunda-feira (29), \u00a0na Travessa S\u00e3o Jos\u00e9, na Comunidade&hellip;<\/p>\n","protected":false},"author":1,"featured_media":96686,"comment_status":"closed","ping_status":"open","sticky":false,"template":"","format":"standard","meta":{"footnotes":""},"categories":[14121],"tags":[2,19532,3406,27669],"class_list":["post-96685","post","type-post","status-publish","format-standard","has-post-thumbnail","hentry","category-policial","tag-blog-do-edvaldo-magalhaes","tag-blog-mais-acessado-e-visualizado-de-caruaru-e-regiao","tag-caruaru","tag-duplo-homicidio-em-caruaru-jovens-sao-mortos-dentro-de-casa"],"_links":{"self":[{"href":"https:\/\/blogdoedvaldomagalhaes.com.br\/index.php\/wp-json\/wp\/v2\/posts\/96685","targetHints":{"allow":["GET"]}}],"collection":[{"href":"https:\/\/blogdoedvaldomagalhaes.com.br\/index.php\/wp-json\/wp\/v2\/posts"}],"about":[{"href":"https:\/\/blogdoedvaldomagalhaes.com.br\/index.php\/wp-json\/wp\/v2\/types\/post"}],"author":[{"embeddable":true,"href":"https:\/\/blogdoedvaldomagalhaes.com.br\/index.php\/wp-json\/wp\/v2\/users\/1"}],"replies":[{"embeddable":true,"href":"https:\/\/blogdoedvaldomagalhaes.com.br\/index.php\/wp-json\/wp\/v2\/comments?post=96685"}],"version-history":[{"count":8,"href":"https:\/\/blogdoedvaldomagalhaes.com.br\/index.php\/wp-json\/wp\/v2\/posts\/96685\/revisions"}],"predecessor-version":[{"id":96709,"href":"https:\/\/blogdoedvaldomagalhaes.com.br\/index.php\/wp-json\/wp\/v2\/posts\/96685\/revisions\/96709"}],"wp:featuredmedia":[{"embeddable":true,"href":"https:\/\/blogdoedvaldomagalhaes.com.br\/index.php\/wp-json\/wp\/v2\/media\/96686"}],"wp:attachment":[{"href":"https:\/\/blogdoedvaldomagalhaes.com.br\/index.php\/wp-json\/wp\/v2\/media?parent=96685"}],"wp:term":[{"taxonomy":"category","embeddable":true,"href":"https:\/\/blogdoedvaldomagalhaes.com.br\/index.php\/wp-json\/wp\/v2\/categories?post=96685"},{"taxonomy":"post_tag","embeddable":true,"href":"https:\/\/blogdoedvaldomagalhaes.com.br\/index.php\/wp-json\/wp\/v2\/tags?post=96685"}],"curies":[{"name":"wp","href":"https:\/\/api.w.org\/{rel}","templated":true}]}}