{"id":96682,"date":"2023-05-29T14:11:26","date_gmt":"2023-05-29T17:11:26","guid":{"rendered":"https:\/\/blogdoedvaldomagalhaes.com.br\/?p=96682"},"modified":"2023-05-29T14:11:27","modified_gmt":"2023-05-29T17:11:27","slug":"confira-a-programacao-do-sao-joao-na-serra-negra-2023-em-bezerros","status":"publish","type":"post","link":"https:\/\/blogdoedvaldomagalhaes.com.br\/index.php\/2023\/05\/29\/confira-a-programacao-do-sao-joao-na-serra-negra-2023-em-bezerros\/","title":{"rendered":"Confira a programa\u00e7\u00e3o do S\u00e3o Jo\u00e3o na Serra Negra 2023, em Bezerros"},"content":{"rendered":"<p dir=\"ltr\" style=\"text-align: justify;\">A Prefeitura de Bezerros, no Agreste pernambucano, divulgou as datas e atra\u00e7\u00f5es para o S\u00e3o Jo\u00e3o na Serra Negra 2023. Os festejos, que este ano passaram a ser Patrim\u00f4nio Cultural Imaterial de Pernambuco, come\u00e7am no dia 10 e seguem at\u00e9 o dia 25 de junho, tanto no palco principal quanto no cultural, com atra\u00e7\u00f5es locais e regionais. Afinal, \u201cDaqui do alto, tudo \u00e9 mais bonito!\u201d.<\/p>\n<p dir=\"ltr\" style=\"text-align: justify;\">O S\u00e3o Jo\u00e3o mais alto, mais frio e mais aconchegante do mundo promete levar uma multid\u00e3o para o P\u00f3lo Cultural da Serra Negra, que fica a 10 quil\u00f4metros da cidade, j\u00e1 no primeiro final de semana (dias 10 e 11 de junho), visto que sobem ao palco os artistas Jorge de Altinho, Santana &#8211; O Cantador, Cezzinha, F\u00e1bio Carneirinho, Victor Ferrari, Daniel Gouveia, e muito mais.<\/p>\n<p dir=\"ltr\" style=\"text-align: justify;\">Nos dias 17 e 18 de junho, os shows ficam por conta de Adu\u00edlio Mendes, Geraldinho Lins, Nena Queiroga, Eliane (A Rainha do Forr\u00f3), Lady Falc\u00e3o, Michel Deniz, entre outros. J\u00e1 na reta final do S\u00e3o Jo\u00e3o mais aut\u00eantico do interior tem o poeta Petr\u00facio Amorim, Irah Caldeira, Almir Rouche, Dudu do Acordeon, Benil, Marc\u00e3o Noventta, Cristina Amaral, Henrique Barbosa, Pau no Xote, e muito mais.<\/p>\n<p dir=\"ltr\" style=\"text-align: justify;\">O S\u00e3o Jo\u00e3o 2023 na Serra Negra vai reunir apresenta\u00e7\u00f5es art\u00edsticas e culturais e um p\u00fablico de forrozeiros de todos os cantos do Brasil que, al\u00e9m do forr\u00f3 aut\u00eantico, v\u00e3o desfrutar do sabor especial das comidas t\u00edpicas, do clima frio e aconchegante, das belas paisagens e principalmente de um S\u00e3o Jo\u00e3o fam\u00edlia, com seguran\u00e7a e organiza\u00e7\u00e3o igualmente aconteceu no ano passado.<\/p>\n<p dir=\"ltr\" style=\"text-align: justify;\"><strong>DO S\u00cdTIO \u00c0 CIDADE<\/strong><\/p>\n<p dir=\"ltr\" style=\"text-align: justify;\">No dia 01 de julho ser\u00e1 a vez do S\u00e3o Jo\u00e3o na cidade, fechando \u00e0s festividades juninas de Bezerros.<\/p>\n<p dir=\"ltr\" style=\"text-align: justify;\">PROGRAMA\u00c7\u00c3O PARCIAL &#8211; S\u00c3O JO\u00c3O NA SERRA NEGRA 2023<\/p>\n<p dir=\"ltr\" style=\"text-align: justify;\"><strong>10\/06\/2023 \u2013 S\u00c1BADO<\/strong><\/p>\n<p dir=\"ltr\" style=\"text-align: justify;\">Jorge de Altinho<\/p>\n<p dir=\"ltr\" style=\"text-align: justify;\">Daniel Gouveia<\/p>\n<p dir=\"ltr\" style=\"text-align: justify;\">F\u00e1bio Carneirinho<\/p>\n<p dir=\"ltr\" style=\"text-align: justify;\"><strong>12\/06\/2023 \u2013 DOMINGO<\/strong><\/p>\n<p dir=\"ltr\" style=\"text-align: justify;\">Santana &#8211; O Cantador<\/p>\n<p dir=\"ltr\" style=\"text-align: justify;\">Cezzinha<\/p>\n<p dir=\"ltr\" style=\"text-align: justify;\">Victor Ferrari<\/p>\n<p dir=\"ltr\" style=\"text-align: justify;\"><strong>17\/06\/2023 \u2013 S\u00c1BADO<\/strong><\/p>\n<p dir=\"ltr\" style=\"text-align: justify;\"><span style=\"font-size: revert; color: initial;\">Adu\u00edlio Mendes<\/span><\/p>\n<p dir=\"ltr\" style=\"text-align: justify;\">Nena Queiroga<\/p>\n<p dir=\"ltr\" style=\"text-align: justify;\">Michel Deniz<\/p>\n<p dir=\"ltr\" style=\"text-align: justify;\"><strong>18\/06\/2023 \u2013 DOMINGO<\/strong><\/p>\n<p dir=\"ltr\" style=\"text-align: justify;\">Geraldinho Lins<\/p>\n<p dir=\"ltr\" style=\"text-align: justify;\">Eliane &#8211; A Rainha do Forr\u00f3<\/p>\n<p dir=\"ltr\" style=\"text-align: justify;\">Lady Falc\u00e3o<\/p>\n<p dir=\"ltr\" style=\"text-align: justify;\"><strong>23\/06\/2023 \u2013 SEXTA-FEIRA<\/strong><\/p>\n<p dir=\"ltr\" style=\"text-align: justify;\">Petr\u00facio Amorim<\/p>\n<p dir=\"ltr\" style=\"text-align: justify;\">Irah Caldeira<\/p>\n<p dir=\"ltr\" style=\"text-align: justify;\">Marc\u00e3o Noventta<\/p>\n<p dir=\"ltr\" style=\"text-align: justify;\"><strong>24\/06\/2022 \u2013 S\u00c1BADO<\/strong><\/p>\n<p dir=\"ltr\" style=\"text-align: justify;\">Dudu do Acordeon<\/p>\n<p dir=\"ltr\" style=\"text-align: justify;\">Henrique Barbosa<\/p>\n<p dir=\"ltr\" style=\"text-align: justify;\">Pau no Xote<\/p>\n<p dir=\"ltr\" style=\"text-align: justify;\"><strong>25\/06\/2022 \u2013 DOMINGO<\/strong><\/p>\n<p dir=\"ltr\" style=\"text-align: justify;\">Almir Rouche<\/p>\n<p dir=\"ltr\" style=\"text-align: justify;\">Benil<\/p>\n<p dir=\"ltr\" style=\"text-align: justify;\">Cristina Amaral<\/p>\n<p dir=\"ltr\" style=\"text-align: justify;\">Texto: Izaias N\u00e9u.<\/p>\n<p dir=\"ltr\" style=\"text-align: justify;\">Foto: GECOM-PMB.<\/p>\n<p dir=\"ltr\" style=\"text-align: justify;\">Siga o Instagram do Blog @blogdoedvaldomagalhaes<\/p>\n","protected":false},"excerpt":{"rendered":"<p>A Prefeitura de Bezerros, no Agreste pernambucano, divulgou as datas e atra\u00e7\u00f5es para o S\u00e3o Jo\u00e3o na Serra Negra 2023.&hellip;<\/p>\n","protected":false},"author":1,"featured_media":96683,"comment_status":"closed","ping_status":"open","sticky":false,"template":"","format":"standard","meta":{"footnotes":""},"categories":[14120],"tags":[2,19532,3406,27668],"class_list":["post-96682","post","type-post","status-publish","format-standard","has-post-thumbnail","hentry","category-noticias","tag-blog-do-edvaldo-magalhaes","tag-blog-mais-acessado-e-visualizado-de-caruaru-e-regiao","tag-caruaru","tag-confira-a-programacao-do-sao-joao-na-serra-negra-2023-em-bezerros"],"_links":{"self":[{"href":"https:\/\/blogdoedvaldomagalhaes.com.br\/index.php\/wp-json\/wp\/v2\/posts\/96682","targetHints":{"allow":["GET"]}}],"collection":[{"href":"https:\/\/blogdoedvaldomagalhaes.com.br\/index.php\/wp-json\/wp\/v2\/posts"}],"about":[{"href":"https:\/\/blogdoedvaldomagalhaes.com.br\/index.php\/wp-json\/wp\/v2\/types\/post"}],"author":[{"embeddable":true,"href":"https:\/\/blogdoedvaldomagalhaes.com.br\/index.php\/wp-json\/wp\/v2\/users\/1"}],"replies":[{"embeddable":true,"href":"https:\/\/blogdoedvaldomagalhaes.com.br\/index.php\/wp-json\/wp\/v2\/comments?post=96682"}],"version-history":[{"count":1,"href":"https:\/\/blogdoedvaldomagalhaes.com.br\/index.php\/wp-json\/wp\/v2\/posts\/96682\/revisions"}],"predecessor-version":[{"id":96684,"href":"https:\/\/blogdoedvaldomagalhaes.com.br\/index.php\/wp-json\/wp\/v2\/posts\/96682\/revisions\/96684"}],"wp:featuredmedia":[{"embeddable":true,"href":"https:\/\/blogdoedvaldomagalhaes.com.br\/index.php\/wp-json\/wp\/v2\/media\/96683"}],"wp:attachment":[{"href":"https:\/\/blogdoedvaldomagalhaes.com.br\/index.php\/wp-json\/wp\/v2\/media?parent=96682"}],"wp:term":[{"taxonomy":"category","embeddable":true,"href":"https:\/\/blogdoedvaldomagalhaes.com.br\/index.php\/wp-json\/wp\/v2\/categories?post=96682"},{"taxonomy":"post_tag","embeddable":true,"href":"https:\/\/blogdoedvaldomagalhaes.com.br\/index.php\/wp-json\/wp\/v2\/tags?post=96682"}],"curies":[{"name":"wp","href":"https:\/\/api.w.org\/{rel}","templated":true}]}}