{"id":96671,"date":"2023-05-29T11:01:31","date_gmt":"2023-05-29T14:01:31","guid":{"rendered":"https:\/\/blogdoedvaldomagalhaes.com.br\/?p=96671"},"modified":"2023-05-29T11:48:54","modified_gmt":"2023-05-29T14:48:54","slug":"giral-forma-a-1a-rede-regional-de-enfrentamento-ao-abuso-e-a-exploracao-sexual-de-criancas-e-adolescentes-em-pernambuco","status":"publish","type":"post","link":"https:\/\/blogdoedvaldomagalhaes.com.br\/index.php\/2023\/05\/29\/giral-forma-a-1a-rede-regional-de-enfrentamento-ao-abuso-e-a-exploracao-sexual-de-criancas-e-adolescentes-em-pernambuco\/","title":{"rendered":"Giral forma a 1\u00aa Rede Regional de Enfrentamento ao Abuso e \u00e0 Explora\u00e7\u00e3o Sexual de Crian\u00e7as e Adolescentes em Pernambuco"},"content":{"rendered":"<p style=\"text-align: justify;\"><span style=\"font-weight: 400;\">A Organiza\u00e7\u00e3o N\u00e3o-Governamental (ONG) Giral, com apoio da Universidade Federal de Pernambuco (UFPE) apresenta nesta quarta-feira (31.05), duas iniciativas importantes, de enfrentamento ao abuso e \u00e0 explora\u00e7\u00e3o sexual de crian\u00e7as e adolescentes.\u00a0<\/span><\/p>\n<p style=\"text-align: justify;\"><span style=\"font-weight: 400;\">Por iniciativa da Giral, foi criada a <\/span><b>1\u00aa Rede<\/b><b> Regional de Enfrentamento \u00e0 Viol\u00eancia Contra Crian\u00e7as e Adolescentes.<\/b><span style=\"font-weight: 400;\"> A princ\u00edpio, come\u00e7ando por dez cidades assistidas pela entidade na Zona da Mata Norte e Agreste do Estado: Gl\u00f3ria de Goit\u00e1, Pombos, Ch\u00e3 de Alegria, Vit\u00f3ria de Santo Ant\u00e3o, Lagoa de Itaenga, Feira Nova, Limoeiro, Salgadinho, entre outros.<\/span><\/p>\n<p style=\"text-align: justify;\"><span style=\"font-weight: 400;\">A UFPE tamb\u00e9m vai apresentar uma pesquisa in\u00e9dita que est\u00e1 em andamento, para an\u00e1lise da explora\u00e7\u00e3o sexual e comercial de crian\u00e7as e jovens no Brasil e em Pernambuco.\u00a0<\/span><\/p>\n<p style=\"text-align: justify;\"><b>INFORMA\u00c7\u00d5ES:<\/b><\/p>\n<p style=\"text-align: justify;\"><span style=\"font-weight: 400;\">O encontro desta quarta-feira, acontecer\u00e1 durante encerramento do <\/span><b>5\u00ba Semin\u00e1rio Educar Para Proteger<\/b><span style=\"font-weight: 400;\"> que aconteceu durante todo esse m\u00eas de maio, marcando o per\u00edodo nacional de mobiliza\u00e7\u00e3o de combate \u00e0 viol\u00eancia e \u00e0 explora\u00e7\u00e3o contra crian\u00e7as e adolescentes. O tema dessa edi\u00e7\u00e3o \u00e9 <\/span><b>\u201cAbuso e Explora\u00e7\u00e3o \u2013 A Escravid\u00e3o Moderna\u201d.<\/b><\/p>\n<p style=\"text-align: justify;\"><span style=\"font-weight: 400;\">O semin\u00e1rio \u00e9 uma iniciativa da Giral, com incentivos da Funda\u00e7\u00e3o Roberto Marinho (Canal Futura), da Rede Estadual de Enfrentamento \u00e0 Viol\u00eancia Sexual Contra Crian\u00e7as e Adolescentes, al\u00e9m das prefeituras da regi\u00e3o e outras institui\u00e7\u00f5es.<\/span><\/p>\n<p style=\"text-align: justify;\"><span style=\"font-weight: 400;\">O semin\u00e1rio acontecer\u00e1 no Audit\u00f3rio Denis Bernardes no do Centro de Ci\u00eancias Sociais Aplicadas (CCSA) na Universidade Federal de Pernambuco (UFPE).<\/span><\/p>\n<p style=\"text-align: justify;\"><b>PROGRAMA\u00c7\u00c3O:<\/b><\/p>\n<p style=\"text-align: justify;\"><b>9h <\/b><span style=\"font-weight: 400;\">\u2013 Abertura com o presidente da Giral, Leonildo Moura e apresenta\u00e7\u00e3o cultural<\/span><\/p>\n<p style=\"text-align: justify;\"><b>9h15 \u2013<\/b><span style=\"font-weight: 400;\"> Apresenta\u00e7\u00e3o da pesquisa que est\u00e1 sendo coordenada por Valeria Nepomuceno Teles de Mendon\u00e7a, do Departamento de Servi\u00e7o Social da UFPE. <\/span><span style=\"color: initial;\">A pesquisa \u201cO Desenvolvimento de Planos de Enfrentamento \u00e0 Viol\u00eancia Sexual Contra Crian\u00e7as e Adolescentes pretende, com seu resultado, recuperar o processo hist\u00f3rico das formula\u00e7\u00f5es dos planos de enfrentamento infanto-juvenil e lan\u00e7ar recomenda\u00e7\u00f5es aos governos. A iniciativa conta com contribui\u00e7\u00f5es de pesquisadores do Laborat\u00f3rio de Direitos da Universidade de Nottingham, na Inglaterra, e da The Freedom Fund \u2013 uma organiza\u00e7\u00e3o internacional sem fins lucrativos, dedicada a identificar e investir esfor\u00e7os efetivos para acabar com a escravid\u00e3o.\u00a0<\/span><\/p>\n<p style=\"text-align: justify;\"><span style=\"font-weight: 400;\">A professora Valeria Nepomuceno \u00e9 ainda coordenadora do Grupo de Estudos, Pesquisas e Extens\u00f5es no Campo da Pol\u00edtica da Crian\u00e7a e do Adolescente (GECRIA). Ela explicar\u00e1 que a pesquisa tem por objetivo analisar as configura\u00e7\u00f5es da explora\u00e7\u00e3o sexual e comercial de crian\u00e7as e adolescentes no Brasil, principalmente em Pernambuco.<\/span><\/p>\n<p style=\"text-align: justify;\"><b>9h45 \u2013<\/b><span style=\"font-weight: 400;\"> Apresenta\u00e7\u00e3o da Assistente Social, Alessandra Ara\u00fajo, coordenadora do Centro de Refer\u00eancia Interprofissional na Aten\u00e7\u00e3o a Crian\u00e7as e Adolescentes V\u00edtimas de Viol\u00eancia (CRIAR), n\u00facleo subordinado ao Tribunal de Justi\u00e7a de Pernambuco (TJPE) e \u00e0s 1\u00aa e 2\u00aa Varas dos Crimes Contra Crian\u00e7as e Adolescentes da Capital. A assistente social vai mostrar o perfil dos casos atendidos no CRIAR\/TJPE nos anos de 2008\/2022.<\/span><\/p>\n<p style=\"text-align: justify;\"><b>10h15 \u2013<\/b><span style=\"font-weight: 400;\"> Teremos outro representante da Giral para falar sobre a experi\u00eancia do projeto Rede e Semin\u00e1rio Educar para Proteger<\/span><\/p>\n<p style=\"text-align: justify;\"><b>11h <\/b><span style=\"font-weight: 400;\">\u2013 Ser\u00e1 aberto debate ao p\u00fablico presente.<\/span><\/p>\n<p style=\"text-align: justify;\"><b>11h45 <\/b><span style=\"font-weight: 400;\">&#8211; Encerramento<\/span><\/p>\n<p style=\"text-align: justify;\"><b>IMPORTANTE \/ DADOS ESTAT\u00cdSTICOS DE VIOL\u00caNCIA CONTRA CRIAN\u00c7AS E ADOLESCENTE \u2013 FONTE: SDS<\/b><\/p>\n<p style=\"text-align: justify;\"><span style=\"font-weight: 400;\">Nos primeiros quatro meses de desse ano, j\u00e1 foram v\u00edtimas de crime sexual 643 crian\u00e7as e adolescentes (0 a 17 anos).\u00a0<\/span><\/p>\n<p style=\"text-align: justify;\"><span style=\"font-weight: 400;\">No mesmo per\u00edodo de 2022, houve 702 casos. Assim, a SDS calcula uma redu\u00e7\u00e3o de 8,4% dessas ocorr\u00eancias criminais esse ano.<\/span><\/p>\n<p style=\"text-align: justify;\"><span style=\"font-weight: 400;\">Em 2021, foram 2.173 crian\u00e7as e adolescentes v\u00edtimas desse tipo de crime no Estado. Em 2022, esse n\u00famero subiu para 2.237, um aumento de 3%.<\/span><\/p>\n<p style=\"text-align: justify;\"><b>INFORMA\u00c7\u00d5ES SOBRE A ONG GIRAL:<\/b><\/p>\n<p style=\"text-align: justify;\"><span style=\"font-weight: 400;\">A GIRAL \u00c9 UMA ORGANIZA\u00c7\u00c3O DA SOCIEDADE CIVIL QUE ASSISTE A CRIAN\u00c7AS, ADOLESCENTES E JOVENS DE 6 A 29 ANOS, AL\u00c9M DE AGRICULTORES DA ZONA DA MATA DE PERNAMBUCO.\u00a0<\/span><\/p>\n<p style=\"text-align: justify;\"><span style=\"font-weight: 400;\">O OBJETIVO DA GIRAL \u00c9 OFERECER OPORTUNIDADES DE TRABALHO, FORMA\u00c7\u00c3O EDUCACIONAL, CULTURAL E ECON\u00d4MICA, POTENCIALIZANDO TALENTOS E PROJETOS. A INSTITUI\u00c7\u00c3O EXISTE H\u00c1 16 ANOS, CUJA SEDE FICA NO MUNIC\u00cdPIO DE GL\u00d3RIA DE GOIT\u00c1 (A 65 KM DO RECIFE).\u00a0<\/span><\/p>\n<p style=\"text-align: justify;\"><span style=\"font-weight: 400;\">AL\u00c9M DE ATENDER AOS MORADORES DA CIDADE, A GIRAL TAMB\u00c9M AMPLIA SEU LEQUE DE A\u00c7\u00d5ES A OUTROS QUATRO MUNIC\u00cdPIOS:\u00a0 POMBOS, FEIRA NOVA, CH\u00c3 DE ALEGRIA E LAGOA DE ITAENGA. A GIRAL MANT\u00c9M AINDA PARCERIAS COM ESCOLAS P\u00daBLICAS DO RECIFE, CAMARAGIBE, CABO DE SANTO AGOSTINHO E IPOJUCA.<\/span><\/p>\n<p style=\"text-align: justify;\">Siga o Instagram do Blog @blogdoedvaldomagalhaes<\/p>\n","protected":false},"excerpt":{"rendered":"<p>A Organiza\u00e7\u00e3o N\u00e3o-Governamental (ONG) Giral, com apoio da Universidade Federal de Pernambuco (UFPE) apresenta nesta quarta-feira (31.05), duas iniciativas importantes,&hellip;<\/p>\n","protected":false},"author":1,"featured_media":96672,"comment_status":"closed","ping_status":"open","sticky":false,"template":"","format":"standard","meta":{"footnotes":""},"categories":[14120],"tags":[2,19532,3406,27667,13],"class_list":["post-96671","post","type-post","status-publish","format-standard","has-post-thumbnail","hentry","category-noticias","tag-blog-do-edvaldo-magalhaes","tag-blog-mais-acessado-e-visualizado-de-caruaru-e-regiao","tag-caruaru","tag-giral-forma-a-1a-rede-regional-de-enfrentamento-ao-abuso-e-a-exploracao-sexual-de-criancas-e-adolescentes-em-pernambuco","tag-policial"],"_links":{"self":[{"href":"https:\/\/blogdoedvaldomagalhaes.com.br\/index.php\/wp-json\/wp\/v2\/posts\/96671","targetHints":{"allow":["GET"]}}],"collection":[{"href":"https:\/\/blogdoedvaldomagalhaes.com.br\/index.php\/wp-json\/wp\/v2\/posts"}],"about":[{"href":"https:\/\/blogdoedvaldomagalhaes.com.br\/index.php\/wp-json\/wp\/v2\/types\/post"}],"author":[{"embeddable":true,"href":"https:\/\/blogdoedvaldomagalhaes.com.br\/index.php\/wp-json\/wp\/v2\/users\/1"}],"replies":[{"embeddable":true,"href":"https:\/\/blogdoedvaldomagalhaes.com.br\/index.php\/wp-json\/wp\/v2\/comments?post=96671"}],"version-history":[{"count":7,"href":"https:\/\/blogdoedvaldomagalhaes.com.br\/index.php\/wp-json\/wp\/v2\/posts\/96671\/revisions"}],"predecessor-version":[{"id":96681,"href":"https:\/\/blogdoedvaldomagalhaes.com.br\/index.php\/wp-json\/wp\/v2\/posts\/96671\/revisions\/96681"}],"wp:featuredmedia":[{"embeddable":true,"href":"https:\/\/blogdoedvaldomagalhaes.com.br\/index.php\/wp-json\/wp\/v2\/media\/96672"}],"wp:attachment":[{"href":"https:\/\/blogdoedvaldomagalhaes.com.br\/index.php\/wp-json\/wp\/v2\/media?parent=96671"}],"wp:term":[{"taxonomy":"category","embeddable":true,"href":"https:\/\/blogdoedvaldomagalhaes.com.br\/index.php\/wp-json\/wp\/v2\/categories?post=96671"},{"taxonomy":"post_tag","embeddable":true,"href":"https:\/\/blogdoedvaldomagalhaes.com.br\/index.php\/wp-json\/wp\/v2\/tags?post=96671"}],"curies":[{"name":"wp","href":"https:\/\/api.w.org\/{rel}","templated":true}]}}