{"id":96653,"date":"2023-05-28T21:51:04","date_gmt":"2023-05-29T00:51:04","guid":{"rendered":"https:\/\/blogdoedvaldomagalhaes.com.br\/?p=96653"},"modified":"2023-05-28T22:13:36","modified_gmt":"2023-05-29T01:13:36","slug":"maior-cuscuz-do-mundo-em-caruaru-sera-em-novo-local-e-a-caminhada-do-forro-tem-novo-horario","status":"publish","type":"post","link":"https:\/\/blogdoedvaldomagalhaes.com.br\/index.php\/2023\/05\/28\/maior-cuscuz-do-mundo-em-caruaru-sera-em-novo-local-e-a-caminhada-do-forro-tem-novo-horario\/","title":{"rendered":"Maior Cuscuz do Mundo em Caruaru ser\u00e1 em novo local, e a Caminhada do Forr\u00f3 tem novo hor\u00e1rio"},"content":{"rendered":"<p style=\"text-align: justify;\">Neste ano a tradicional Caminhada do Forr\u00f3 come\u00e7a mais cedo \u00e0s 11 horas da manh\u00e3, no dia 11 de junho, a sa\u00edda ser\u00e1 na entrada do Aeroporto, e a expectativa \u00e9 de atrair cerca de 100 mil pessoas. A degusta\u00e7\u00e3o do Maior Cuscuz do Mundo ser\u00e1 em novo local, antes do Alto do Moura, na frente da INBRAC, e a festa ser\u00e1 encerrada mais cedo, ou seja, \u00e0s 16 horas. A organiza\u00e7\u00e3o \u00e9 do Patrim\u00f4nio Vivo de Caruaru, Augusto Eventos.<\/p>\n<p style=\"text-align: justify;\">Para a receita, ser\u00e3o utilizados 800 kg de flocos de milho, 300 kg de carne de charque, 200 kg de margarina, 200kg de salsicha e 10 kg de sal. Os ingredientes ser\u00e3o misturados na cuscuzeira gigante, que mede cerca de 4,2 metros de altura e ser\u00e1 instalada no ponto de chegada da caminhada.<\/p>\n\n\n<figure class=\"wp-block-image size-full\"><img loading=\"lazy\" decoding=\"async\" width=\"740\" height=\"726\" src=\"https:\/\/blogdoedvaldomagalhaes.com.br\/wp-content\/uploads\/2023\/05\/IMG-20230528-WA01102.jpg\" alt=\"\" class=\"wp-image-96656\" srcset=\"https:\/\/blogdoedvaldomagalhaes.com.br\/wp-content\/uploads\/2023\/05\/IMG-20230528-WA01102.jpg 740w, https:\/\/blogdoedvaldomagalhaes.com.br\/wp-content\/uploads\/2023\/05\/IMG-20230528-WA01102-300x294.jpg 300w\" sizes=\"auto, (max-width: 740px) 100vw, 740px\" \/><\/figure>\n\n\n<div class=\"wDYxhc viOShc LKPcQc\" lang=\"pt-BR\" data-md=\"61\">\n<div class=\"LGOjhe\" style=\"text-align: justify;\" role=\"heading\" data-attrid=\"wa:\/description\" aria-level=\"3\" data-hveid=\"CBQQAA\"><span class=\"ILfuVd NNMgCf\" lang=\"pt\"><span class=\"hgKElc\">O Maior Cuscuz do Mundo&nbsp;<b>foi criado pelo promotor de eventos Jos\u00e9 Augusto Soares e teve sua primeira edi\u00e7\u00e3o em 1993<\/b> e se tornou popular nos festejos juninos no Agreste de Pernambuco, inclusive na festa das comidas gigantes, que \u00e9 considerada umas das principais programa\u00e7\u00f5es do S\u00e3o Jo\u00e3o em Caruaru. Augusto Eventos fundou a Associa\u00e7\u00e3o dos Idealizadores das Comidas Gigantes de Caruaru e a Uni\u00e3o dos Criadores das Comidas Gigantes de Caruaru.<\/span><\/span><\/div>\n<div role=\"heading\" data-attrid=\"wa:\/description\" aria-level=\"3\" data-hveid=\"CBQQAA\">&nbsp;<\/div>\n<\/div>","protected":false},"excerpt":{"rendered":"<p>Neste ano a tradicional Caminhada do Forr\u00f3 come\u00e7a mais cedo \u00e0s 11 horas da manh\u00e3, no dia 11 de junho,&hellip;<\/p>\n","protected":false},"author":1,"featured_media":96654,"comment_status":"closed","ping_status":"open","sticky":false,"template":"","format":"standard","meta":{"footnotes":""},"categories":[14120],"tags":[2,19532,3406,27663,6758],"class_list":["post-96653","post","type-post","status-publish","format-standard","has-post-thumbnail","hentry","category-noticias","tag-blog-do-edvaldo-magalhaes","tag-blog-mais-acessado-e-visualizado-de-caruaru-e-regiao","tag-caruaru","tag-maior-cuscuz-do-mundo-em-caruaru-sera-em-novo-local-antes-do-alto-do-moura","tag-sao-joao"],"_links":{"self":[{"href":"https:\/\/blogdoedvaldomagalhaes.com.br\/index.php\/wp-json\/wp\/v2\/posts\/96653","targetHints":{"allow":["GET"]}}],"collection":[{"href":"https:\/\/blogdoedvaldomagalhaes.com.br\/index.php\/wp-json\/wp\/v2\/posts"}],"about":[{"href":"https:\/\/blogdoedvaldomagalhaes.com.br\/index.php\/wp-json\/wp\/v2\/types\/post"}],"author":[{"embeddable":true,"href":"https:\/\/blogdoedvaldomagalhaes.com.br\/index.php\/wp-json\/wp\/v2\/users\/1"}],"replies":[{"embeddable":true,"href":"https:\/\/blogdoedvaldomagalhaes.com.br\/index.php\/wp-json\/wp\/v2\/comments?post=96653"}],"version-history":[{"count":4,"href":"https:\/\/blogdoedvaldomagalhaes.com.br\/index.php\/wp-json\/wp\/v2\/posts\/96653\/revisions"}],"predecessor-version":[{"id":96661,"href":"https:\/\/blogdoedvaldomagalhaes.com.br\/index.php\/wp-json\/wp\/v2\/posts\/96653\/revisions\/96661"}],"wp:featuredmedia":[{"embeddable":true,"href":"https:\/\/blogdoedvaldomagalhaes.com.br\/index.php\/wp-json\/wp\/v2\/media\/96654"}],"wp:attachment":[{"href":"https:\/\/blogdoedvaldomagalhaes.com.br\/index.php\/wp-json\/wp\/v2\/media?parent=96653"}],"wp:term":[{"taxonomy":"category","embeddable":true,"href":"https:\/\/blogdoedvaldomagalhaes.com.br\/index.php\/wp-json\/wp\/v2\/categories?post=96653"},{"taxonomy":"post_tag","embeddable":true,"href":"https:\/\/blogdoedvaldomagalhaes.com.br\/index.php\/wp-json\/wp\/v2\/tags?post=96653"}],"curies":[{"name":"wp","href":"https:\/\/api.w.org\/{rel}","templated":true}]}}