{"id":96648,"date":"2023-05-28T19:33:46","date_gmt":"2023-05-28T22:33:46","guid":{"rendered":"https:\/\/blogdoedvaldomagalhaes.com.br\/?p=96648"},"modified":"2023-05-28T19:33:47","modified_gmt":"2023-05-28T22:33:47","slug":"adolescente-suspeito-de-tentativa-de-homicidio-e-apreendido","status":"publish","type":"post","link":"https:\/\/blogdoedvaldomagalhaes.com.br\/index.php\/2023\/05\/28\/adolescente-suspeito-de-tentativa-de-homicidio-e-apreendido\/","title":{"rendered":"Adolescente suspeito de tentativa de homic\u00eddio \u00e9 apreendido"},"content":{"rendered":"<p style=\"text-align: justify;\"><span style=\"font-size: revert; color: initial;\">Em uma resposta r\u00e1pida, policiais militares do 19 BPM apreenderam um suspeito da tentativa de homic\u00eddio ocorrida na manh\u00e3 deste domingo (28), na orla do Pina.<\/span><\/p>\n<p style=\"text-align: justify;\">O efetivo realiza rondas nas proximidades da via mangue quando foi informado do fato e tamb\u00e9m sobre quem seria o suspeito do crime. De imediato, a equipe seguiu para o Habitacional Via Mangue 2, onde possivelmente estaria o adolescente.<\/p>\n<p style=\"text-align: justify;\">Ao localizar sua resid\u00eancia, e com autoriza\u00e7\u00e3o da sua genitora, foi feita uma busca e encontrado 40 bigs de maconha e uma balan\u00e7a de precis\u00e3o. A mesma informou n\u00e3o ter ci\u00eancia do material il\u00edcito e, diante da possibilidade da sua m\u00e3e ser responsabilizada, familiares entraram em contato com o menor, que se entregou.<\/p>\n<p style=\"text-align: justify;\">Com ele, foi encontrada uma bicicleta, que o mesmo confessou ter roubado para fugir do local do crime. No entanto, a arma n\u00e3o foi localizada. Ele informou que tinha outro individuo na a\u00e7\u00e3o, mas n\u00e3o soube informar sua localiza\u00e7\u00e3o. Os envolvidos foram conduzidos para o DHPP para ado\u00e7\u00e3o das medidas legais cab\u00edveis. Foto: Reprodu\u00e7\u00e3o.<\/p>\n<p style=\"text-align: justify;\">Siga o Instagram do Blog @blogdoedvaldomagalhaes<\/p>\n","protected":false},"excerpt":{"rendered":"<p>Em uma resposta r\u00e1pida, policiais militares do 19 BPM apreenderam um suspeito da tentativa de homic\u00eddio ocorrida na manh\u00e3 deste&hellip;<\/p>\n","protected":false},"author":1,"featured_media":30467,"comment_status":"closed","ping_status":"open","sticky":false,"template":"","format":"standard","meta":{"footnotes":""},"categories":[14120],"tags":[27662,2,19532,3406],"class_list":["post-96648","post","type-post","status-publish","format-standard","has-post-thumbnail","hentry","category-noticias","tag-adolescente-suspeito-de-tentativa-de-homicidio-e-apreendido","tag-blog-do-edvaldo-magalhaes","tag-blog-mais-acessado-e-visualizado-de-caruaru-e-regiao","tag-caruaru"],"_links":{"self":[{"href":"https:\/\/blogdoedvaldomagalhaes.com.br\/index.php\/wp-json\/wp\/v2\/posts\/96648","targetHints":{"allow":["GET"]}}],"collection":[{"href":"https:\/\/blogdoedvaldomagalhaes.com.br\/index.php\/wp-json\/wp\/v2\/posts"}],"about":[{"href":"https:\/\/blogdoedvaldomagalhaes.com.br\/index.php\/wp-json\/wp\/v2\/types\/post"}],"author":[{"embeddable":true,"href":"https:\/\/blogdoedvaldomagalhaes.com.br\/index.php\/wp-json\/wp\/v2\/users\/1"}],"replies":[{"embeddable":true,"href":"https:\/\/blogdoedvaldomagalhaes.com.br\/index.php\/wp-json\/wp\/v2\/comments?post=96648"}],"version-history":[{"count":1,"href":"https:\/\/blogdoedvaldomagalhaes.com.br\/index.php\/wp-json\/wp\/v2\/posts\/96648\/revisions"}],"predecessor-version":[{"id":96649,"href":"https:\/\/blogdoedvaldomagalhaes.com.br\/index.php\/wp-json\/wp\/v2\/posts\/96648\/revisions\/96649"}],"wp:featuredmedia":[{"embeddable":true,"href":"https:\/\/blogdoedvaldomagalhaes.com.br\/index.php\/wp-json\/wp\/v2\/media\/30467"}],"wp:attachment":[{"href":"https:\/\/blogdoedvaldomagalhaes.com.br\/index.php\/wp-json\/wp\/v2\/media?parent=96648"}],"wp:term":[{"taxonomy":"category","embeddable":true,"href":"https:\/\/blogdoedvaldomagalhaes.com.br\/index.php\/wp-json\/wp\/v2\/categories?post=96648"},{"taxonomy":"post_tag","embeddable":true,"href":"https:\/\/blogdoedvaldomagalhaes.com.br\/index.php\/wp-json\/wp\/v2\/tags?post=96648"}],"curies":[{"name":"wp","href":"https:\/\/api.w.org\/{rel}","templated":true}]}}