{"id":96513,"date":"2023-05-23T18:06:11","date_gmt":"2023-05-23T21:06:11","guid":{"rendered":"https:\/\/blogdoedvaldomagalhaes.com.br\/?p=96513"},"modified":"2023-05-23T18:10:19","modified_gmt":"2023-05-23T21:10:19","slug":"homem-e-encontrado-morto-em-canal-no-bairro-salgado","status":"publish","type":"post","link":"https:\/\/blogdoedvaldomagalhaes.com.br\/index.php\/2023\/05\/23\/homem-e-encontrado-morto-em-canal-no-bairro-salgado\/","title":{"rendered":"Homem \u00e9 encontrado morto em canal, no bairro Salgado"},"content":{"rendered":"<p style=\"text-align: justify;\"><span style=\"font-size: revert; color: initial;\">Um homem identificado apenas como &#8220;Rato&#8221; e que seria andarilho, foi encontrado morto em um canal no bairro Salgado, em Caruaru, na tarde desta ter\u00e7a-feira (23)<\/span><span style=\"font-size: revert; color: initial;\">. De acordo com informa\u00e7\u00f5es do Corpo de Bombeiros, a v\u00edtima apresentava um ferimento na testa, que deve ter sido provocado na queda.<\/span><\/p>\n<div id=\"chunk-4j52a\">\n<p style=\"text-align: justify;\">O corpo do homem ser\u00e1 periciado e encaminhado para o Insituto M\u00e9dico Legal (IML). A Pol\u00edcia Civil de Pernambuco informou que vai abrir um inqu\u00e9rito para investigar o caso. Foto: Adielson Galv\u00e3o.<\/p>\n<p style=\"text-align: justify;\">Siga o Instagram do Blog @blogdoedvaldomagalhaes<\/p>\n<\/div>\n\n\n<figure class=\"wp-block-image size-large\"><img loading=\"lazy\" decoding=\"async\" width=\"1024\" height=\"576\" src=\"https:\/\/blogdoedvaldomagalhaes.com.br\/wp-content\/uploads\/2023\/05\/IMG-20230523-WA0181-1024x576.jpg\" alt=\"\" class=\"wp-image-96516\" srcset=\"https:\/\/blogdoedvaldomagalhaes.com.br\/wp-content\/uploads\/2023\/05\/IMG-20230523-WA0181-1024x576.jpg 1024w, https:\/\/blogdoedvaldomagalhaes.com.br\/wp-content\/uploads\/2023\/05\/IMG-20230523-WA0181-300x169.jpg 300w, https:\/\/blogdoedvaldomagalhaes.com.br\/wp-content\/uploads\/2023\/05\/IMG-20230523-WA0181-768x432.jpg 768w, https:\/\/blogdoedvaldomagalhaes.com.br\/wp-content\/uploads\/2023\/05\/IMG-20230523-WA0181-1536x864.jpg 1536w, https:\/\/blogdoedvaldomagalhaes.com.br\/wp-content\/uploads\/2023\/05\/IMG-20230523-WA0181-1140x641.jpg 1140w, https:\/\/blogdoedvaldomagalhaes.com.br\/wp-content\/uploads\/2023\/05\/IMG-20230523-WA0181-720x405.jpg 720w, https:\/\/blogdoedvaldomagalhaes.com.br\/wp-content\/uploads\/2023\/05\/IMG-20230523-WA0181.jpg 1599w\" sizes=\"auto, (max-width: 1024px) 100vw, 1024px\" \/><figcaption class=\"wp-element-caption\">Foto: Reprodu\u00e7\u00e3o\/WhatsApp <\/figcaption><\/figure>\n","protected":false},"excerpt":{"rendered":"<p>Um homem identificado apenas como &#8220;Rato&#8221; e que seria andarilho, foi encontrado morto em um canal no bairro Salgado, em&hellip;<\/p>\n","protected":false},"author":1,"featured_media":96514,"comment_status":"closed","ping_status":"open","sticky":false,"template":"","format":"standard","meta":{"footnotes":""},"categories":[14120],"tags":[2,19532,3406,27611],"class_list":["post-96513","post","type-post","status-publish","format-standard","has-post-thumbnail","hentry","category-noticias","tag-blog-do-edvaldo-magalhaes","tag-blog-mais-acessado-e-visualizado-de-caruaru-e-regiao","tag-caruaru","tag-homem-e-encontrado-morto-em-canal-no-bairro-salgado"],"_links":{"self":[{"href":"https:\/\/blogdoedvaldomagalhaes.com.br\/index.php\/wp-json\/wp\/v2\/posts\/96513","targetHints":{"allow":["GET"]}}],"collection":[{"href":"https:\/\/blogdoedvaldomagalhaes.com.br\/index.php\/wp-json\/wp\/v2\/posts"}],"about":[{"href":"https:\/\/blogdoedvaldomagalhaes.com.br\/index.php\/wp-json\/wp\/v2\/types\/post"}],"author":[{"embeddable":true,"href":"https:\/\/blogdoedvaldomagalhaes.com.br\/index.php\/wp-json\/wp\/v2\/users\/1"}],"replies":[{"embeddable":true,"href":"https:\/\/blogdoedvaldomagalhaes.com.br\/index.php\/wp-json\/wp\/v2\/comments?post=96513"}],"version-history":[{"count":2,"href":"https:\/\/blogdoedvaldomagalhaes.com.br\/index.php\/wp-json\/wp\/v2\/posts\/96513\/revisions"}],"predecessor-version":[{"id":96517,"href":"https:\/\/blogdoedvaldomagalhaes.com.br\/index.php\/wp-json\/wp\/v2\/posts\/96513\/revisions\/96517"}],"wp:featuredmedia":[{"embeddable":true,"href":"https:\/\/blogdoedvaldomagalhaes.com.br\/index.php\/wp-json\/wp\/v2\/media\/96514"}],"wp:attachment":[{"href":"https:\/\/blogdoedvaldomagalhaes.com.br\/index.php\/wp-json\/wp\/v2\/media?parent=96513"}],"wp:term":[{"taxonomy":"category","embeddable":true,"href":"https:\/\/blogdoedvaldomagalhaes.com.br\/index.php\/wp-json\/wp\/v2\/categories?post=96513"},{"taxonomy":"post_tag","embeddable":true,"href":"https:\/\/blogdoedvaldomagalhaes.com.br\/index.php\/wp-json\/wp\/v2\/tags?post=96513"}],"curies":[{"name":"wp","href":"https:\/\/api.w.org\/{rel}","templated":true}]}}