{"id":96510,"date":"2023-05-23T17:15:52","date_gmt":"2023-05-23T20:15:52","guid":{"rendered":"https:\/\/blogdoedvaldomagalhaes.com.br\/?p=96510"},"modified":"2023-05-23T17:15:53","modified_gmt":"2023-05-23T20:15:53","slug":"anderson-correia-apresenta-pl-que-cria-servico-publico-de-compartilhamento-de-bicicletas","status":"publish","type":"post","link":"https:\/\/blogdoedvaldomagalhaes.com.br\/index.php\/2023\/05\/23\/anderson-correia-apresenta-pl-que-cria-servico-publico-de-compartilhamento-de-bicicletas\/","title":{"rendered":"Anderson Correia apresenta PL que cria servi\u00e7o p\u00fablico de compartilhamento de bicicletas"},"content":{"rendered":"<p style=\"text-align: justify;\"><span style=\"color: initial; font-size: revert;\">Sempre antenado nas melhorias para a mobilidade urbana de Caruaru, o vereador Anderson Correia (PP) apresentou, na C\u00e2mara Municipal, um projeto de lei que cria o servi\u00e7o p\u00fablico de compartilhamento de bicicletas na Capital do Agreste. A iniciativa tem como objetivo atender a popula\u00e7\u00e3o caruaruense por um sistema para compartilhar bikes, definindo par\u00e2metros e diretrizes para a opera\u00e7\u00e3o deste servi\u00e7o, tornando-o acess\u00edvel, de baixo custo e voltado para a mobilidade urbana.<\/span><\/p>\n<p style=\"text-align: justify;\">\u201cEssa \u00e9 mais uma op\u00e7\u00e3o que incentiva a mobilidade ativa no munic\u00edpio, uma moderniza\u00e7\u00e3o para Caruaru, que poder\u00e1 adotar o modelo de explora\u00e7\u00e3o p\u00fablica, com licita\u00e7\u00e3o ou subs\u00eddio cruzado com o uso da tarifa social. Ser\u00e1 um grande benef\u00edcio para a popula\u00e7\u00e3o e um est\u00edmulo \u00e0 cultura do uso da bicicleta, para termos uma cidade ainda mais democr\u00e1tica e sustent\u00e1vel, igualando nosso munic\u00edpio aos grandes centros urbanos e capitais&#8221;, destacou Anderson.<\/p>\n<p style=\"text-align: justify;\">Se aprovado, o projeto ser\u00e1 um marco para Caruaru, que se tornar\u00e1 a segunda cidade do Brasil a caracterizar o compartilhamento de bicicletas como servi\u00e7o p\u00fablico, seguindo o exemplo do munic\u00edpio de Niter\u00f3i, no Rio de Janeiro, que teve o projeto aprovado recentemente e se tornou a primeira cidade do pa\u00eds neste quesito. Com a implanta\u00e7\u00e3o desta pol\u00edtica p\u00fablica, a mobilidade ir\u00e1 melhorar, desafogando o tr\u00e2nsito, promovendo a sa\u00fade ao pedalar diariamente, gerando a cria\u00e7\u00e3o de ciclovias em toda cidade, al\u00e9m de permitir a sustentabilidade do servi\u00e7o no longo prazo. Foto: Vladimir Barreto.<\/p>\n<p style=\"text-align: justify;\">Siga o Instagram do Blog @blogdoedvaldomagalhaes<\/p>\n","protected":false},"excerpt":{"rendered":"<p>Sempre antenado nas melhorias para a mobilidade urbana de Caruaru, o vereador Anderson Correia (PP) apresentou, na C\u00e2mara Municipal, um&hellip;<\/p>\n","protected":false},"author":1,"featured_media":96511,"comment_status":"closed","ping_status":"open","sticky":false,"template":"","format":"standard","meta":{"footnotes":""},"categories":[14122],"tags":[27610,2,19532,3406,20],"class_list":["post-96510","post","type-post","status-publish","format-standard","has-post-thumbnail","hentry","category-politica","tag-anderson-correia-apresenta-pl-que-cria-servico-publico-de-compartilhamento-de-bicicletas","tag-blog-do-edvaldo-magalhaes","tag-blog-mais-acessado-e-visualizado-de-caruaru-e-regiao","tag-caruaru","tag-politica"],"_links":{"self":[{"href":"https:\/\/blogdoedvaldomagalhaes.com.br\/index.php\/wp-json\/wp\/v2\/posts\/96510","targetHints":{"allow":["GET"]}}],"collection":[{"href":"https:\/\/blogdoedvaldomagalhaes.com.br\/index.php\/wp-json\/wp\/v2\/posts"}],"about":[{"href":"https:\/\/blogdoedvaldomagalhaes.com.br\/index.php\/wp-json\/wp\/v2\/types\/post"}],"author":[{"embeddable":true,"href":"https:\/\/blogdoedvaldomagalhaes.com.br\/index.php\/wp-json\/wp\/v2\/users\/1"}],"replies":[{"embeddable":true,"href":"https:\/\/blogdoedvaldomagalhaes.com.br\/index.php\/wp-json\/wp\/v2\/comments?post=96510"}],"version-history":[{"count":1,"href":"https:\/\/blogdoedvaldomagalhaes.com.br\/index.php\/wp-json\/wp\/v2\/posts\/96510\/revisions"}],"predecessor-version":[{"id":96512,"href":"https:\/\/blogdoedvaldomagalhaes.com.br\/index.php\/wp-json\/wp\/v2\/posts\/96510\/revisions\/96512"}],"wp:featuredmedia":[{"embeddable":true,"href":"https:\/\/blogdoedvaldomagalhaes.com.br\/index.php\/wp-json\/wp\/v2\/media\/96511"}],"wp:attachment":[{"href":"https:\/\/blogdoedvaldomagalhaes.com.br\/index.php\/wp-json\/wp\/v2\/media?parent=96510"}],"wp:term":[{"taxonomy":"category","embeddable":true,"href":"https:\/\/blogdoedvaldomagalhaes.com.br\/index.php\/wp-json\/wp\/v2\/categories?post=96510"},{"taxonomy":"post_tag","embeddable":true,"href":"https:\/\/blogdoedvaldomagalhaes.com.br\/index.php\/wp-json\/wp\/v2\/tags?post=96510"}],"curies":[{"name":"wp","href":"https:\/\/api.w.org\/{rel}","templated":true}]}}