{"id":96502,"date":"2023-05-23T14:31:16","date_gmt":"2023-05-23T17:31:16","guid":{"rendered":"https:\/\/blogdoedvaldomagalhaes.com.br\/?p=96502"},"modified":"2023-05-23T14:33:04","modified_gmt":"2023-05-23T17:33:04","slug":"prefeitura-de-agua-preta-e-alvo-de-operacao-da-cgu-pf-e-receita-federal","status":"publish","type":"post","link":"https:\/\/blogdoedvaldomagalhaes.com.br\/index.php\/2023\/05\/23\/prefeitura-de-agua-preta-e-alvo-de-operacao-da-cgu-pf-e-receita-federal\/","title":{"rendered":"Prefeitura de \u00c1gua Preta \u00e9 alvo de opera\u00e7\u00e3o da CGU, PF e Receita Federal"},"content":{"rendered":"<p style=\"text-align: justify;\"><span style=\"font-size: revert;\">Recife\/PE &#8211; A Pol\u00edcia Federal em Pernambuco, com apoio da Receita Federal e da Controladoria-Geral da Uni\u00e3o, deflagrou na manh\u00e3 de hoje (23\/05\/2023) a denominada Opera\u00e7\u00e3o Dil\u00favio, com a finalidade de dar cumprimento a *27 mandados de busca e apreens\u00e3o expedidos pelo Tribunal Regional da 5\u00aa Regi\u00e3o*, no bojo de investiga\u00e7\u00e3o que tem por objeto a apura\u00e7\u00e3o de crimes de *corrup\u00e7\u00e3o, desvio de recursos p\u00fablicos, fraudes em licita\u00e7\u00e3o, lavagem de dinheiro, agiotagem, entre outros, atribu\u00eddos a agentes p\u00fablicos, servidores, empres\u00e1rios e particulares.*<\/span><\/p>\n<p style=\"text-align: justify;\">Segundo a investiga\u00e7\u00e3o, o atual gestor de um munic\u00edpio localizado na Mata Sul do Estado de Pernambuco, teria contratado emergencialmente uma empresa para presta\u00e7\u00e3o de servi\u00e7os de manuten\u00e7\u00e3o corretiva e preventiva de ve\u00edculos da frota do munic\u00edpio, chamando a aten\u00e7\u00e3o o fato de a empresa estar localizada a mais de 110km da sede do contratante, bem como, a constata\u00e7\u00e3o de que havia v\u00e1rias outras empresas na regi\u00e3o, atuando no mesmo ramo. Nesse sentido, apurou-se a exist\u00eancia de ind\u00edcios de rela\u00e7\u00f5es pessoais estreitas entre o prefeito e o verdadeiro propriet\u00e1rio da empresa contratada.<\/p>\n<p style=\"text-align: justify;\">Vale salientar que a empresa envolvida foi contratada pela mesma Prefeitura com ind\u00edcios de fraude ao car\u00e1ter competitivo do processo licitat\u00f3rio, sendo que at\u00e9 o presente momento a rela\u00e7\u00e3o contratual permanece vigente, n\u00e3o obstante os evidentes ind\u00edcios de superfaturamento. Ademais, durante a execu\u00e7\u00e3o do contrato, restou comprovado que o fornecedor custeou despesas com passagens a\u00e9reas internacionais em classe executiva para o prefeito e sua esposa, a qual ocupa o cargo de secret\u00e1ria municipal, o que caracteriza, em tese, o crime de corrup\u00e7\u00e3o.<\/p>\n<p style=\"text-align: justify;\">Ao longo da investiga\u00e7\u00e3o tamb\u00e9m foram coletadas evid\u00eancias de utiliza\u00e7\u00e3o de diversas contas de \u201claranjas\u201d, empresas fantasmas ou de postos de gasolina para movimentar o dinheiro desviado dos cofres p\u00fablicos, e tamb\u00e9m decorrente de poss\u00edvel pr\u00e1tica de agiotagem por parte do prefeito.<\/p>\n<p style=\"text-align: justify;\">Ao total, est\u00e3o sendo empregados na presente a\u00e7\u00e3o 140 policiais federais, al\u00e9m de servidores da Receita Federal e da CGU, que cumprem 27 mandados de busca e apreens\u00e3o nos munic\u00edpios de *\u00c1gua Preta, Cabo de Santo Agostinho, Catende, Gravat\u00e1, Jaboat\u00e3o dos Guararapes, Palmares, Paulista, Recife e Tamandar\u00e9, locais da resid\u00eancias dos suspeitos.*<\/p>\n<p style=\"text-align: justify;\">As penas m\u00e1ximas estimadas para os crimes investigados, somadas, podem ultrapassar 40 anos de reclus\u00e3o. O nome da Opera\u00e7\u00e3o, extra\u00eddo de uma passagem b\u00edblica, faz refer\u00eancia ao meio utilizado por Deus para fazer desaparecer da terra os v\u00edcios humanos, no caso presente, a malversa\u00e7\u00e3o dos recursos p\u00fablicos.<\/p>\n<p style=\"text-align: justify;\">Siga o Instagram do Blog @blogdoedvaldomagalhaes<\/p>\n","protected":false},"excerpt":{"rendered":"<p>Recife\/PE &#8211; A Pol\u00edcia Federal em Pernambuco, com apoio da Receita Federal e da Controladoria-Geral da Uni\u00e3o, deflagrou na manh\u00e3&hellip;<\/p>\n","protected":false},"author":1,"featured_media":96503,"comment_status":"closed","ping_status":"open","sticky":false,"template":"","format":"standard","meta":{"footnotes":""},"categories":[14120],"tags":[2,19532,3406,27608],"class_list":["post-96502","post","type-post","status-publish","format-standard","has-post-thumbnail","hentry","category-noticias","tag-blog-do-edvaldo-magalhaes","tag-blog-mais-acessado-e-visualizado-de-caruaru-e-regiao","tag-caruaru","tag-prefeitura-de-agua-preta-e-alvo-de-operacao-da-cgu-pf-e-receita-federal"],"_links":{"self":[{"href":"https:\/\/blogdoedvaldomagalhaes.com.br\/index.php\/wp-json\/wp\/v2\/posts\/96502","targetHints":{"allow":["GET"]}}],"collection":[{"href":"https:\/\/blogdoedvaldomagalhaes.com.br\/index.php\/wp-json\/wp\/v2\/posts"}],"about":[{"href":"https:\/\/blogdoedvaldomagalhaes.com.br\/index.php\/wp-json\/wp\/v2\/types\/post"}],"author":[{"embeddable":true,"href":"https:\/\/blogdoedvaldomagalhaes.com.br\/index.php\/wp-json\/wp\/v2\/users\/1"}],"replies":[{"embeddable":true,"href":"https:\/\/blogdoedvaldomagalhaes.com.br\/index.php\/wp-json\/wp\/v2\/comments?post=96502"}],"version-history":[{"count":2,"href":"https:\/\/blogdoedvaldomagalhaes.com.br\/index.php\/wp-json\/wp\/v2\/posts\/96502\/revisions"}],"predecessor-version":[{"id":96506,"href":"https:\/\/blogdoedvaldomagalhaes.com.br\/index.php\/wp-json\/wp\/v2\/posts\/96502\/revisions\/96506"}],"wp:featuredmedia":[{"embeddable":true,"href":"https:\/\/blogdoedvaldomagalhaes.com.br\/index.php\/wp-json\/wp\/v2\/media\/96503"}],"wp:attachment":[{"href":"https:\/\/blogdoedvaldomagalhaes.com.br\/index.php\/wp-json\/wp\/v2\/media?parent=96502"}],"wp:term":[{"taxonomy":"category","embeddable":true,"href":"https:\/\/blogdoedvaldomagalhaes.com.br\/index.php\/wp-json\/wp\/v2\/categories?post=96502"},{"taxonomy":"post_tag","embeddable":true,"href":"https:\/\/blogdoedvaldomagalhaes.com.br\/index.php\/wp-json\/wp\/v2\/tags?post=96502"}],"curies":[{"name":"wp","href":"https:\/\/api.w.org\/{rel}","templated":true}]}}