{"id":96496,"date":"2023-05-23T13:59:20","date_gmt":"2023-05-23T16:59:20","guid":{"rendered":"https:\/\/blogdoedvaldomagalhaes.com.br\/?p=96496"},"modified":"2023-05-23T14:04:56","modified_gmt":"2023-05-23T17:04:56","slug":"jorge-quintino-solicita-area-verde-para-lazer-das-criancas-com-autismo","status":"publish","type":"post","link":"https:\/\/blogdoedvaldomagalhaes.com.br\/index.php\/2023\/05\/23\/jorge-quintino-solicita-area-verde-para-lazer-das-criancas-com-autismo\/","title":{"rendered":"Jorge Quintino solicita \u00e1rea verde para lazer das crian\u00e7as com autismo"},"content":{"rendered":"<p style=\"text-align: justify;\"><span style=\"font-size: revert;\">Na tarde desta ter\u00e7a-feira (23), ser\u00e1 realizada a 29\u00aa sess\u00e3o legislativa na C\u00e2mara de Vereadores de Caruaru. O vereador Jorge Quintino (SD) apresentou esta semana um requerimento na C\u00e2mara Municipal de Caruaru, que solicita ao poder executivo que implemente em Caruaru, uma \u00e1rea verde com equipamentos espec\u00edficos destinados ao lazer das crian\u00e7as com TEA (Transtorno do Espectro Autista). O objetivo do projeto \u00e9 garantir a manuten\u00e7\u00e3o da sa\u00fade, tanto f\u00edsica como mental, para as crian\u00e7as com autismo, visto que, seus benef\u00edcios s\u00e3o obrigat\u00f3rios na inf\u00e2ncia, e \u00e9 o lazer que faz com que as crian\u00e7as sejam fluidas e saud\u00e1veis.<\/span><\/p>\n<p style=\"text-align: justify;\">Vale ressaltar, que o vereador, milita e luta ativamente pela causa das pessoas com TEA (Transtorno do Espectro Autista), levantando assim a bandeira da causa autista, posto que, recentemente o mesmo j\u00e1 solicitou in\u00fameros projetos relativos a causa ao poder executivo, dessa forma, podemos citar as proposituras mais recentes do edil, como a Isen\u00e7\u00e3o do IPTU para as pessoas com autismo e seus familiares e a cria\u00e7\u00e3o do \u201cPortal TEA\u201d a fim de viabilizar o acesso aos servi\u00e7os destinados \u00e0s pessoas com autismo.<\/p>\n<p style=\"text-align: justify;\">O requerimento apresentado pelo vereador Jorge Quintino \u00e9 de extrema import\u00e2ncia e demonstra um compromisso com a causa autista e a sa\u00fade f\u00edsica e emocional das crian\u00e7as, pois, al\u00e9m da divers\u00e3o, do fator social e educativo que as brincadeiras proporcionam, as atividades de lazer influenciam diretamente na criatividade, no humor e na forma que a crian\u00e7a v\u00ea o mundo. Outrossim, a vida adulta \u00e9 repleta de responsabilidades, de tratamentos e procedimentos e a import\u00e2ncia do lazer reflete diretamente no bem-estar e na qualidade de vida das crian\u00e7as.<\/p>\n<p style=\"text-align: justify;\">\u201cComo a causa do TEA tem sido acolhida pelo meu gabinete, o qual prop\u00f4s diversas a\u00e7\u00f5es incluindo: Audi\u00eancias P\u00fablicas, Requerimentos, Anteprojetos e Projetos de lei, sabemos e vivenciamos de perto a necessidade que essa parcela da popula\u00e7\u00e3o tem em rela\u00e7\u00e3o a estrutura estatal, que em muitas vezes \u00e9 insuficiente, e diante deste fato, \u00e9 de extrema import\u00e2ncia que nosso munic\u00edpio conte com um espa\u00e7o reservado e adaptado exclusivamente aos portadores de TEA, para que possam se divertir, socializar e sobretudo, contar com m\u00e1xima seguran\u00e7a\u201d, afirmou o vereador.<\/p>\n<p style=\"text-align: justify;\">29\u00aa Ordin\u00e1ria da 3\u00aa Sess\u00e3o Legislativa da 18\u00aa Legislatura, a partir das 16h. O p\u00fablico poder\u00e1 acompanhar a Sess\u00e3o atrav\u00e9s das redes sociais, da TV C\u00e2mara, canal 22.2.<\/p>\n<p style=\"text-align: justify;\">Foto: Divulga\u00e7\u00e3o.<\/p>\n<p style=\"text-align: justify;\">&nbsp;Siga o Instagram do Blog @blogdoedvaldomagalhaes<\/p>\n","protected":false},"excerpt":{"rendered":"<p>Na tarde desta ter\u00e7a-feira (23), ser\u00e1 realizada a 29\u00aa sess\u00e3o legislativa na C\u00e2mara de Vereadores de Caruaru. O vereador Jorge&hellip;<\/p>\n","protected":false},"author":1,"featured_media":96501,"comment_status":"closed","ping_status":"open","sticky":false,"template":"","format":"standard","meta":{"footnotes":""},"categories":[14122],"tags":[2,19532,3406,27607,20295],"class_list":["post-96496","post","type-post","status-publish","format-standard","has-post-thumbnail","hentry","category-politica","tag-blog-do-edvaldo-magalhaes","tag-blog-mais-acessado-e-visualizado-de-caruaru-e-regiao","tag-caruaru","tag-jorge-quintino-solicita-area-verde-para-lazer-das-criancas-com-autismo","tag-politica-2"],"_links":{"self":[{"href":"https:\/\/blogdoedvaldomagalhaes.com.br\/index.php\/wp-json\/wp\/v2\/posts\/96496","targetHints":{"allow":["GET"]}}],"collection":[{"href":"https:\/\/blogdoedvaldomagalhaes.com.br\/index.php\/wp-json\/wp\/v2\/posts"}],"about":[{"href":"https:\/\/blogdoedvaldomagalhaes.com.br\/index.php\/wp-json\/wp\/v2\/types\/post"}],"author":[{"embeddable":true,"href":"https:\/\/blogdoedvaldomagalhaes.com.br\/index.php\/wp-json\/wp\/v2\/users\/1"}],"replies":[{"embeddable":true,"href":"https:\/\/blogdoedvaldomagalhaes.com.br\/index.php\/wp-json\/wp\/v2\/comments?post=96496"}],"version-history":[{"count":2,"href":"https:\/\/blogdoedvaldomagalhaes.com.br\/index.php\/wp-json\/wp\/v2\/posts\/96496\/revisions"}],"predecessor-version":[{"id":96500,"href":"https:\/\/blogdoedvaldomagalhaes.com.br\/index.php\/wp-json\/wp\/v2\/posts\/96496\/revisions\/96500"}],"wp:featuredmedia":[{"embeddable":true,"href":"https:\/\/blogdoedvaldomagalhaes.com.br\/index.php\/wp-json\/wp\/v2\/media\/96501"}],"wp:attachment":[{"href":"https:\/\/blogdoedvaldomagalhaes.com.br\/index.php\/wp-json\/wp\/v2\/media?parent=96496"}],"wp:term":[{"taxonomy":"category","embeddable":true,"href":"https:\/\/blogdoedvaldomagalhaes.com.br\/index.php\/wp-json\/wp\/v2\/categories?post=96496"},{"taxonomy":"post_tag","embeddable":true,"href":"https:\/\/blogdoedvaldomagalhaes.com.br\/index.php\/wp-json\/wp\/v2\/tags?post=96496"}],"curies":[{"name":"wp","href":"https:\/\/api.w.org\/{rel}","templated":true}]}}