{"id":96489,"date":"2023-05-23T11:23:31","date_gmt":"2023-05-23T14:23:31","guid":{"rendered":"https:\/\/blogdoedvaldomagalhaes.com.br\/?p=96489"},"modified":"2023-05-23T11:23:32","modified_gmt":"2023-05-23T14:23:32","slug":"anteprojeto-do-vereador-irmao-ronaldo-pede-criacao-do-programa-meu-bairro-bem-cuidado","status":"publish","type":"post","link":"https:\/\/blogdoedvaldomagalhaes.com.br\/index.php\/2023\/05\/23\/anteprojeto-do-vereador-irmao-ronaldo-pede-criacao-do-programa-meu-bairro-bem-cuidado\/","title":{"rendered":"Anteprojeto do vereador Irm\u00e3o Ronaldo pede cria\u00e7\u00e3o do Programa \u201cMeu bairro bem Cuidado\u201d"},"content":{"rendered":"<p class=\"s3\" style=\"text-align: justify;\"><span class=\"s6\"><span class=\"bumpedFont15\">REQUERIMENTOS<\/span><\/span><span class=\"s6\"><span class=\"bumpedFont15\"> SOLICITADOS<\/span><\/span><span class=\"s6\"><span class=\"bumpedFont15\"> DE AUTORIA DO VEREADOR IRM\u00c3O RONALDO <\/span><\/span><\/p>\n<p class=\"s3\" style=\"text-align: justify;\"><span class=\"s7\">Requerimento<\/span> <span class=\"s8\">Anteprojeto: Cria o Plano Municipal de Educa\u00e7\u00e3o Financeira Familiar no \u00e2mbito das escolas p\u00fablicas do Munic\u00edpio de Caruaru.<\/span><\/p>\n<p class=\"s3\" style=\"text-align: justify;\"><span class=\"s7\">Requerimento<\/span> <span class=\"s8\">Anteprojeto: Autoriza a presta\u00e7\u00e3o de servi\u00e7os de psicologia e de assist\u00eancia social nas Escolas p\u00fablicas de educa\u00e7\u00e3o b\u00e1sica.<\/span><\/p>\n<p class=\"s3\" style=\"text-align: justify;\"><span class=\"s7\">Requerimento<\/span> <span class=\"s8\">Anteprojeto: Disp\u00f5e sobre a cria\u00e7\u00e3o do Programa \u201cMeu bairro bem Cuidado\u201d.<\/span><\/p>\n<p class=\"s3\" style=\"text-align: justify;\"><span class=\"s7\">Requerimento<\/span> <span class=\"s8\">Anteprojeto: Disp\u00f5e sobre a isen\u00e7\u00e3o do IPTU aos contribuintes que custearam com recursos pr\u00f3prios a pavimenta\u00e7\u00e3o e o saneamento de suas ruas.<\/span><\/p>\n<p class=\"s3\" style=\"text-align: justify;\"><span class=\"s7\">Requerimento<\/span> <a name=\"_GoBack\"><\/a><span class=\"s8\">Anteprojeto: Cria o Fundo Municipal do Esporte no munic\u00edpio de Caruaru, e d\u00e1 outras provid\u00eancias.<\/span><\/p>\n","protected":false},"excerpt":{"rendered":"<p>REQUERIMENTOS SOLICITADOS DE AUTORIA DO VEREADOR IRM\u00c3O RONALDO Requerimento Anteprojeto: Cria o Plano Municipal de Educa\u00e7\u00e3o Financeira Familiar no \u00e2mbito&hellip;<\/p>\n","protected":false},"author":1,"featured_media":96494,"comment_status":"closed","ping_status":"open","sticky":false,"template":"","format":"standard","meta":{"footnotes":""},"categories":[14122],"tags":[27606,2,19532,3406],"class_list":["post-96489","post","type-post","status-publish","format-standard","has-post-thumbnail","hentry","category-politica","tag-anteprojeto-do-vereador-irmao-ronaldo-pede-criacao-do-programa-meu-bairro-bem-cuidado","tag-blog-do-edvaldo-magalhaes","tag-blog-mais-acessado-e-visualizado-de-caruaru-e-regiao","tag-caruaru"],"_links":{"self":[{"href":"https:\/\/blogdoedvaldomagalhaes.com.br\/index.php\/wp-json\/wp\/v2\/posts\/96489","targetHints":{"allow":["GET"]}}],"collection":[{"href":"https:\/\/blogdoedvaldomagalhaes.com.br\/index.php\/wp-json\/wp\/v2\/posts"}],"about":[{"href":"https:\/\/blogdoedvaldomagalhaes.com.br\/index.php\/wp-json\/wp\/v2\/types\/post"}],"author":[{"embeddable":true,"href":"https:\/\/blogdoedvaldomagalhaes.com.br\/index.php\/wp-json\/wp\/v2\/users\/1"}],"replies":[{"embeddable":true,"href":"https:\/\/blogdoedvaldomagalhaes.com.br\/index.php\/wp-json\/wp\/v2\/comments?post=96489"}],"version-history":[{"count":1,"href":"https:\/\/blogdoedvaldomagalhaes.com.br\/index.php\/wp-json\/wp\/v2\/posts\/96489\/revisions"}],"predecessor-version":[{"id":96495,"href":"https:\/\/blogdoedvaldomagalhaes.com.br\/index.php\/wp-json\/wp\/v2\/posts\/96489\/revisions\/96495"}],"wp:featuredmedia":[{"embeddable":true,"href":"https:\/\/blogdoedvaldomagalhaes.com.br\/index.php\/wp-json\/wp\/v2\/media\/96494"}],"wp:attachment":[{"href":"https:\/\/blogdoedvaldomagalhaes.com.br\/index.php\/wp-json\/wp\/v2\/media?parent=96489"}],"wp:term":[{"taxonomy":"category","embeddable":true,"href":"https:\/\/blogdoedvaldomagalhaes.com.br\/index.php\/wp-json\/wp\/v2\/categories?post=96489"},{"taxonomy":"post_tag","embeddable":true,"href":"https:\/\/blogdoedvaldomagalhaes.com.br\/index.php\/wp-json\/wp\/v2\/tags?post=96489"}],"curies":[{"name":"wp","href":"https:\/\/api.w.org\/{rel}","templated":true}]}}