{"id":96483,"date":"2023-05-23T08:19:26","date_gmt":"2023-05-23T11:19:26","guid":{"rendered":"https:\/\/blogdoedvaldomagalhaes.com.br\/?p=96483"},"modified":"2023-05-23T08:19:27","modified_gmt":"2023-05-23T11:19:27","slug":"homem-e-preso-portrafico-em-petrolina","status":"publish","type":"post","link":"https:\/\/blogdoedvaldomagalhaes.com.br\/index.php\/2023\/05\/23\/homem-e-preso-portrafico-em-petrolina\/","title":{"rendered":"Homem \u00e9 preso por<br>tr\u00e1fico em Petrolina"},"content":{"rendered":"<p style=\"text-align: justify;\"><span style=\"color: initial; font-size: revert;\">Policiais militares do 2\u00ba BIEsp, com apoio do servi\u00e7o de Intelig\u00eancia do 5\u00ba BPM e da 7\u00aa CIPM, prenderam um homem por tr\u00e1fico de drogas, segunda-feira (22\/05), em Petrolina. Ap\u00f3s troca de informa\u00e7\u00f5es, o efetivo levantou que haveria uma entrega de entorpecentes no bairro Idalino Bezerra.<\/span><\/p>\n<p style=\"text-align: justify;\">Foram feitas dilig\u00eancias e avistado um Fiat Palio. Ao realizar uma abordagem, foram encontrados no interior do ve\u00edculo uma pistola calibre .9mm com 12 muni\u00e7\u00f5es e duas barras de maconha, que juntas pesavam aproximadamente 2kg.<\/p>\n<p style=\"text-align: justify;\">Diante dos fatos, o condutor do ve\u00edculo e todo o material apreendido foram apresentados na Delegacia de Pol\u00edcia Civil para ado\u00e7\u00e3o das medidas cab\u00edveis. Foto: Divulga\u00e7\u00e3o.<\/p>\n<p style=\"text-align: justify;\">Siga o Instagram do Blog @blogdoedvaldomagalhaes<\/p>\n","protected":false},"excerpt":{"rendered":"<p>Policiais militares do 2\u00ba BIEsp, com apoio do servi\u00e7o de Intelig\u00eancia do 5\u00ba BPM e da 7\u00aa CIPM, prenderam um&hellip;<\/p>\n","protected":false},"author":1,"featured_media":96484,"comment_status":"closed","ping_status":"open","sticky":false,"template":"","format":"standard","meta":{"footnotes":""},"categories":[14121],"tags":[2,19532,3406,27604],"class_list":["post-96483","post","type-post","status-publish","format-standard","has-post-thumbnail","hentry","category-policial","tag-blog-do-edvaldo-magalhaes","tag-blog-mais-acessado-e-visualizado-de-caruaru-e-regiao","tag-caruaru","tag-homem-e-preso-por-trafico-em-petrolina"],"_links":{"self":[{"href":"https:\/\/blogdoedvaldomagalhaes.com.br\/index.php\/wp-json\/wp\/v2\/posts\/96483","targetHints":{"allow":["GET"]}}],"collection":[{"href":"https:\/\/blogdoedvaldomagalhaes.com.br\/index.php\/wp-json\/wp\/v2\/posts"}],"about":[{"href":"https:\/\/blogdoedvaldomagalhaes.com.br\/index.php\/wp-json\/wp\/v2\/types\/post"}],"author":[{"embeddable":true,"href":"https:\/\/blogdoedvaldomagalhaes.com.br\/index.php\/wp-json\/wp\/v2\/users\/1"}],"replies":[{"embeddable":true,"href":"https:\/\/blogdoedvaldomagalhaes.com.br\/index.php\/wp-json\/wp\/v2\/comments?post=96483"}],"version-history":[{"count":1,"href":"https:\/\/blogdoedvaldomagalhaes.com.br\/index.php\/wp-json\/wp\/v2\/posts\/96483\/revisions"}],"predecessor-version":[{"id":96485,"href":"https:\/\/blogdoedvaldomagalhaes.com.br\/index.php\/wp-json\/wp\/v2\/posts\/96483\/revisions\/96485"}],"wp:featuredmedia":[{"embeddable":true,"href":"https:\/\/blogdoedvaldomagalhaes.com.br\/index.php\/wp-json\/wp\/v2\/media\/96484"}],"wp:attachment":[{"href":"https:\/\/blogdoedvaldomagalhaes.com.br\/index.php\/wp-json\/wp\/v2\/media?parent=96483"}],"wp:term":[{"taxonomy":"category","embeddable":true,"href":"https:\/\/blogdoedvaldomagalhaes.com.br\/index.php\/wp-json\/wp\/v2\/categories?post=96483"},{"taxonomy":"post_tag","embeddable":true,"href":"https:\/\/blogdoedvaldomagalhaes.com.br\/index.php\/wp-json\/wp\/v2\/tags?post=96483"}],"curies":[{"name":"wp","href":"https:\/\/api.w.org\/{rel}","templated":true}]}}