{"id":96480,"date":"2023-05-22T20:13:55","date_gmt":"2023-05-22T23:13:55","guid":{"rendered":"https:\/\/blogdoedvaldomagalhaes.com.br\/?p=96480"},"modified":"2023-05-22T20:16:13","modified_gmt":"2023-05-22T23:16:13","slug":"pm-prende-tres-suspeitos-e-recupera-carro-roubado","status":"publish","type":"post","link":"https:\/\/blogdoedvaldomagalhaes.com.br\/index.php\/2023\/05\/22\/pm-prende-tres-suspeitos-e-recupera-carro-roubado\/","title":{"rendered":"PM prende tr\u00eas suspeitos e recupera carro roubado"},"content":{"rendered":"<p style=\"text-align: justify;\"><span style=\"color: initial; font-size: revert;\">Policiais militares do 25\u00ba BPM recuperaram um ve\u00edculo roubado e prenderam, no in\u00edcio da manh\u00e3 desta segunda-feira (22\/05), tr\u00eas homens por roubo, porte ilegal de muni\u00e7\u00f5es e associa\u00e7\u00e3o criminosa. Uma equipe foi acionada para verificar um Fox vermelho com restri\u00e7\u00e3o de roubo e, no local repassado, na Rua Riacho Doce, UR-06, em Jaboat\u00e3o dos Guararapes, o ve\u00edculo foi encontrado com um suspeito em seu interior.<\/span><\/p>\n<p style=\"text-align: justify;\">Ele admitiu ter roubado o carro com comparsas e que estava naquele local esperando uma pessoa que viria buscar o ve\u00edculo. Foi montada uma campana e observado que o condutor de uma motocicleta fez o retorno ao notar a presen\u00e7a do efetivo, e avisou aos ocupantes de um t\u00e1xi que havia pol\u00edcia na rua.<\/p>\n<p style=\"text-align: justify;\">O motoqueiro conseguiu escapar, mas o t\u00e1xi foi alcan\u00e7ado e os ocupantes, abordados. No interior do ve\u00edculo foram apreendidas quatro cartelas fechadas totalizando 40 muni\u00e7\u00f5es calibre .38 e uma capa de colete bal\u00edstico. O condutor assumiu a posse da capa e o passageiro, das muni\u00e7\u00f5es.<\/p>\n<p style=\"text-align: justify;\">Parte do efetivo seguiu para a Delegacia de Pol\u00edcia Civil de Prazeres com os envolvidos e o material recolhido, enquanto outros policiais ficaram no local esperando o dono do carro. Com a chegada dele, tamb\u00e9m foram para a mesma delegacia, juntamente com o ve\u00edculo, para a tomada das provid\u00eancias legais. Foto: Divulga\u00e7\u00e3o\/PMPE.<\/p>\n<p style=\"text-align: justify;\">Siga o Instagram do Blog @blogdoedvaldomagalhaes<\/p>\n","protected":false},"excerpt":{"rendered":"<p>Policiais militares do 25\u00ba BPM recuperaram um ve\u00edculo roubado e prenderam, no in\u00edcio da manh\u00e3 desta segunda-feira (22\/05), tr\u00eas homens&hellip;<\/p>\n","protected":false},"author":1,"featured_media":96482,"comment_status":"closed","ping_status":"open","sticky":false,"template":"","format":"standard","meta":{"footnotes":""},"categories":[14121],"tags":[2,19532,3406,27603],"class_list":["post-96480","post","type-post","status-publish","format-standard","has-post-thumbnail","hentry","category-policial","tag-blog-do-edvaldo-magalhaes","tag-blog-mais-acessado-e-visualizado-de-caruaru-e-regiao","tag-caruaru","tag-pm-prende-tres-suspeitos-e-recupera-carro-roubado"],"_links":{"self":[{"href":"https:\/\/blogdoedvaldomagalhaes.com.br\/index.php\/wp-json\/wp\/v2\/posts\/96480","targetHints":{"allow":["GET"]}}],"collection":[{"href":"https:\/\/blogdoedvaldomagalhaes.com.br\/index.php\/wp-json\/wp\/v2\/posts"}],"about":[{"href":"https:\/\/blogdoedvaldomagalhaes.com.br\/index.php\/wp-json\/wp\/v2\/types\/post"}],"author":[{"embeddable":true,"href":"https:\/\/blogdoedvaldomagalhaes.com.br\/index.php\/wp-json\/wp\/v2\/users\/1"}],"replies":[{"embeddable":true,"href":"https:\/\/blogdoedvaldomagalhaes.com.br\/index.php\/wp-json\/wp\/v2\/comments?post=96480"}],"version-history":[{"count":1,"href":"https:\/\/blogdoedvaldomagalhaes.com.br\/index.php\/wp-json\/wp\/v2\/posts\/96480\/revisions"}],"predecessor-version":[{"id":96481,"href":"https:\/\/blogdoedvaldomagalhaes.com.br\/index.php\/wp-json\/wp\/v2\/posts\/96480\/revisions\/96481"}],"wp:featuredmedia":[{"embeddable":true,"href":"https:\/\/blogdoedvaldomagalhaes.com.br\/index.php\/wp-json\/wp\/v2\/media\/96482"}],"wp:attachment":[{"href":"https:\/\/blogdoedvaldomagalhaes.com.br\/index.php\/wp-json\/wp\/v2\/media?parent=96480"}],"wp:term":[{"taxonomy":"category","embeddable":true,"href":"https:\/\/blogdoedvaldomagalhaes.com.br\/index.php\/wp-json\/wp\/v2\/categories?post=96480"},{"taxonomy":"post_tag","embeddable":true,"href":"https:\/\/blogdoedvaldomagalhaes.com.br\/index.php\/wp-json\/wp\/v2\/tags?post=96480"}],"curies":[{"name":"wp","href":"https:\/\/api.w.org\/{rel}","templated":true}]}}