{"id":96477,"date":"2023-05-22T19:51:14","date_gmt":"2023-05-22T22:51:14","guid":{"rendered":"https:\/\/blogdoedvaldomagalhaes.com.br\/?p=96477"},"modified":"2023-05-22T19:51:15","modified_gmt":"2023-05-22T22:51:15","slug":"pf-deflagra-operacao-cyber-wolf-para-prender-possivel-abusador-de-crianca","status":"publish","type":"post","link":"https:\/\/blogdoedvaldomagalhaes.com.br\/index.php\/2023\/05\/22\/pf-deflagra-operacao-cyber-wolf-para-prender-possivel-abusador-de-crianca\/","title":{"rendered":"PF deflagra Opera\u00e7\u00e3o Cyber Wolf para prender poss\u00edvel abusador de crian\u00e7a"},"content":{"rendered":"<p style=\"text-align: justify;\"><span style=\"font-size: revert;\">Recife\/PE \u2013 A Pol\u00edcia Federal, atrav\u00e9s da DRCC\/PE \u2013 Delegacia de Repress\u00e3o a Crimes Cibern\u00e9ticos da Superintend\u00eancia Regional em Pernambuco, deflagrou, na manh\u00e3 desta segunda-feira (22\/05) a Opera\u00e7\u00e3o CYBER WOLF, com vistas a combater o armazenamento e a divulga\u00e7\u00e3o de imagens e v\u00eddeos contendo cenas de abuso sexual infantil, bem como a poss\u00edvel pr\u00e1tica de estupro de vulner\u00e1vel e de produ\u00e7\u00e3o de imagens e v\u00eddeos com tal conte\u00fado.<\/span><\/p>\n<p style=\"text-align: justify;\">As investiga\u00e7\u00f5es tiveram in\u00edcio em 2022, atrav\u00e9s de informa\u00e7\u00f5es repassadas pelo NCMEC (National Center for Missing and Exploited Children), organiza\u00e7\u00e3o n\u00e3o governamental americana que centraliza o recebimento de den\u00fancias sobre crimes relacionados a abuso sexual infantil e desaparecimento de crian\u00e7as &#8211; em virtude de lei, as empresas prestadoras de servi\u00e7os de internet nos Estados Unidos s\u00e3o obrigadas a relatarem casos de suspeita de explora\u00e7\u00e3o sexual infantil que trafeguem em suas redes. Foram registradas, no total, 364 ocorr\u00eancias envolvendo tais condutas atrav\u00e9s de equipamento vinculados ao suspeito.<\/p>\n<p style=\"text-align: justify;\">As investiga\u00e7\u00f5es se iniciaram na Delegacia de Repress\u00e3o a Crimes Cibern\u00e9ticos da Superintend\u00eancia Regional em Pernambuco, onde foi produzido um minucioso relat\u00f3rio, a partir das informa\u00e7\u00f5es recebidas pelo NCMEC. Durante o trabalho investigativo, foi identificado que o suspeito tem forte interesse no tema incesto, havendo possibilidade de que j\u00e1 tenha praticado atos libidinosos com crian\u00e7as da pr\u00f3pria fam\u00edlia, incorrendo, assim, no crime de estupro de vulner\u00e1vel.<\/p>\n<p style=\"text-align: justify;\">Est\u00e3o sendo cumpridos 01 (um) Mandado de Pris\u00e3o Preventiva e 01 (um) Mandado de Busca Apreens\u00e3o em Jaboat\u00e3o dos Guararapes\/PE, os quais foram deferidos pela 4\u00aa Vara Federal\/PE, com vistas a realizar a apreens\u00e3o de computadores, notebooks, celulares e outras m\u00eddias com potencial de armazenamento de imagens e v\u00eddeos contendo cenas de abuso sexual infantil.<\/p>\n<p style=\"text-align: justify;\">Os crimes atribu\u00eddos ao poss\u00edvel molestador s\u00e3o o armazenamento e a divulga\u00e7\u00e3o de conte\u00fado pornogr\u00e1fico infantil (Artigos 241-A e 241-B do ECA). Ser\u00e1 investigada, ainda, a poss\u00edvel pr\u00e1tica dos crimes de estupro de vulner\u00e1vel (Art. 217-A do CP) e de produ\u00e7\u00e3o de cenas de abuso sexual infantil. Em se confirmando a ocorr\u00eancia de todos os crimes acima referidos, as penas somadas podem variar de 16 a 33 anos de reclus\u00e3o.<\/p>\n<p>\u00a0Siga o Instagram do Blog @blogdoedvaldomagalhaes<\/p>\n","protected":false},"excerpt":{"rendered":"<p>Recife\/PE \u2013 A Pol\u00edcia Federal, atrav\u00e9s da DRCC\/PE \u2013 Delegacia de Repress\u00e3o a Crimes Cibern\u00e9ticos da Superintend\u00eancia Regional em Pernambuco,&hellip;<\/p>\n","protected":false},"author":1,"featured_media":96478,"comment_status":"closed","ping_status":"open","sticky":false,"template":"","format":"standard","meta":{"footnotes":""},"categories":[14121],"tags":[2,19532,3406],"class_list":["post-96477","post","type-post","status-publish","format-standard","has-post-thumbnail","hentry","category-policial","tag-blog-do-edvaldo-magalhaes","tag-blog-mais-acessado-e-visualizado-de-caruaru-e-regiao","tag-caruaru"],"_links":{"self":[{"href":"https:\/\/blogdoedvaldomagalhaes.com.br\/index.php\/wp-json\/wp\/v2\/posts\/96477","targetHints":{"allow":["GET"]}}],"collection":[{"href":"https:\/\/blogdoedvaldomagalhaes.com.br\/index.php\/wp-json\/wp\/v2\/posts"}],"about":[{"href":"https:\/\/blogdoedvaldomagalhaes.com.br\/index.php\/wp-json\/wp\/v2\/types\/post"}],"author":[{"embeddable":true,"href":"https:\/\/blogdoedvaldomagalhaes.com.br\/index.php\/wp-json\/wp\/v2\/users\/1"}],"replies":[{"embeddable":true,"href":"https:\/\/blogdoedvaldomagalhaes.com.br\/index.php\/wp-json\/wp\/v2\/comments?post=96477"}],"version-history":[{"count":1,"href":"https:\/\/blogdoedvaldomagalhaes.com.br\/index.php\/wp-json\/wp\/v2\/posts\/96477\/revisions"}],"predecessor-version":[{"id":96479,"href":"https:\/\/blogdoedvaldomagalhaes.com.br\/index.php\/wp-json\/wp\/v2\/posts\/96477\/revisions\/96479"}],"wp:featuredmedia":[{"embeddable":true,"href":"https:\/\/blogdoedvaldomagalhaes.com.br\/index.php\/wp-json\/wp\/v2\/media\/96478"}],"wp:attachment":[{"href":"https:\/\/blogdoedvaldomagalhaes.com.br\/index.php\/wp-json\/wp\/v2\/media?parent=96477"}],"wp:term":[{"taxonomy":"category","embeddable":true,"href":"https:\/\/blogdoedvaldomagalhaes.com.br\/index.php\/wp-json\/wp\/v2\/categories?post=96477"},{"taxonomy":"post_tag","embeddable":true,"href":"https:\/\/blogdoedvaldomagalhaes.com.br\/index.php\/wp-json\/wp\/v2\/tags?post=96477"}],"curies":[{"name":"wp","href":"https:\/\/api.w.org\/{rel}","templated":true}]}}