{"id":96471,"date":"2023-05-22T18:47:59","date_gmt":"2023-05-22T21:47:59","guid":{"rendered":"https:\/\/blogdoedvaldomagalhaes.com.br\/?p=96471"},"modified":"2023-05-22T19:12:15","modified_gmt":"2023-05-22T22:12:15","slug":"vereador-edmilson-do-salgado-prestigia-inauguracao-da-nova-avenida-brasil-em-caruaru","status":"publish","type":"post","link":"https:\/\/blogdoedvaldomagalhaes.com.br\/index.php\/2023\/05\/22\/vereador-edmilson-do-salgado-prestigia-inauguracao-da-nova-avenida-brasil-em-caruaru\/","title":{"rendered":"Vereador Edmilson do Salgado prestigia inaugura\u00e7\u00e3o da nova Avenida Brasil, em Caruaru"},"content":{"rendered":"<p style=\"text-align: justify;\"><span style=\"font-size: revert; color: initial;\">Na sexta-feira (19.05), o prefeito de Caruaru, Rodrigo Pinheiro (PSDB), entregou \u00e0 popula\u00e7\u00e3o caruaruense, a Nova Avenida Brasil. E o vereador Edmilson do Salgado (PSDB), se fez presente na inaugura\u00e7\u00e3o, onde o mesmo fez parte solicitando a requalifica\u00e7\u00e3o da Avenida, e onde hoje \u00e9 realidade. &#8221;Foram anos lutando para termos uma Avenida, onde podemos transitar com tranquilidade e com seguran\u00e7a sem medo de danificar nossos carros e motos. Agrade\u00e7o e parabenizo o prefeito e toda sua equipe, pelo excelente trabalho que vem fazendo em Caruaru.&#8221; Palavras do vereador Edmilson do Salgado.<\/span><\/p>\n","protected":false},"excerpt":{"rendered":"<p>Na sexta-feira (19.05), o prefeito de Caruaru, Rodrigo Pinheiro (PSDB), entregou \u00e0 popula\u00e7\u00e3o caruaruense, a Nova Avenida Brasil. E o&hellip;<\/p>\n","protected":false},"author":1,"featured_media":96473,"comment_status":"closed","ping_status":"open","sticky":false,"template":"","format":"standard","meta":{"footnotes":""},"categories":[14122],"tags":[2,19532,3406,27602],"class_list":["post-96471","post","type-post","status-publish","format-standard","has-post-thumbnail","hentry","category-politica","tag-blog-do-edvaldo-magalhaes","tag-blog-mais-acessado-e-visualizado-de-caruaru-e-regiao","tag-caruaru","tag-vereador-edmilson-do-salgado-prestigia-inauguracao-da-nova-avenida-brasil"],"_links":{"self":[{"href":"https:\/\/blogdoedvaldomagalhaes.com.br\/index.php\/wp-json\/wp\/v2\/posts\/96471","targetHints":{"allow":["GET"]}}],"collection":[{"href":"https:\/\/blogdoedvaldomagalhaes.com.br\/index.php\/wp-json\/wp\/v2\/posts"}],"about":[{"href":"https:\/\/blogdoedvaldomagalhaes.com.br\/index.php\/wp-json\/wp\/v2\/types\/post"}],"author":[{"embeddable":true,"href":"https:\/\/blogdoedvaldomagalhaes.com.br\/index.php\/wp-json\/wp\/v2\/users\/1"}],"replies":[{"embeddable":true,"href":"https:\/\/blogdoedvaldomagalhaes.com.br\/index.php\/wp-json\/wp\/v2\/comments?post=96471"}],"version-history":[{"count":1,"href":"https:\/\/blogdoedvaldomagalhaes.com.br\/index.php\/wp-json\/wp\/v2\/posts\/96471\/revisions"}],"predecessor-version":[{"id":96472,"href":"https:\/\/blogdoedvaldomagalhaes.com.br\/index.php\/wp-json\/wp\/v2\/posts\/96471\/revisions\/96472"}],"wp:featuredmedia":[{"embeddable":true,"href":"https:\/\/blogdoedvaldomagalhaes.com.br\/index.php\/wp-json\/wp\/v2\/media\/96473"}],"wp:attachment":[{"href":"https:\/\/blogdoedvaldomagalhaes.com.br\/index.php\/wp-json\/wp\/v2\/media?parent=96471"}],"wp:term":[{"taxonomy":"category","embeddable":true,"href":"https:\/\/blogdoedvaldomagalhaes.com.br\/index.php\/wp-json\/wp\/v2\/categories?post=96471"},{"taxonomy":"post_tag","embeddable":true,"href":"https:\/\/blogdoedvaldomagalhaes.com.br\/index.php\/wp-json\/wp\/v2\/tags?post=96471"}],"curies":[{"name":"wp","href":"https:\/\/api.w.org\/{rel}","templated":true}]}}