{"id":96463,"date":"2023-05-22T12:49:12","date_gmt":"2023-05-22T15:49:12","guid":{"rendered":"https:\/\/blogdoedvaldomagalhaes.com.br\/?p=96463"},"modified":"2023-05-22T19:40:13","modified_gmt":"2023-05-22T22:40:13","slug":"americana-sofre-queimadura-de-sol-nos-olhos-e-fica-parcialmente-cega","status":"publish","type":"post","link":"https:\/\/blogdoedvaldomagalhaes.com.br\/index.php\/2023\/05\/22\/americana-sofre-queimadura-de-sol-nos-olhos-e-fica-parcialmente-cega\/","title":{"rendered":"Americana sofre queimadura de sol nos olhos e fica parcialmente cega"},"content":{"rendered":"<p class=\"s3\" style=\"text-align: justify;\"><span style=\"font-size: revert;\">A norte-americana Dana Galiano, de 47 anos, acabou virando um exemplo da import\u00e2ncia do uso de \u00f3culos escuros para a sa\u00fade ocular. Ela ficou parcialmente cega ap\u00f3s sofrer uma queimadura de sol nos olhos quando viajava de f\u00e9rias com a fam\u00edlia. Dana n\u00e3o tinha o h\u00e1bito de usar \u00f3culos escuros na praia e por conta da exposi\u00e7\u00e3o excessiva \u00e0 luz solar, teve queimaduras nos dois olhos. O caso aconteceu em julho de 2022, nos Estados Unidos.<\/span><\/p>\n<p class=\"s3\" style=\"text-align: justify;\"><span class=\"s4\"><span class=\"bumpedFont15\">\u201c<\/span><\/span><span class=\"s4\"><span class=\"bumpedFont15\">Os \u00f3culos de sol s\u00e3o muito mais que um acess\u00f3rio. As lentes escuras d\u00e3o conforto em ambientes mais claros, em especial, \u00e0queles com maior sensibilidade. \u00c9 importante, no entanto, entender que a presen\u00e7a de filtro para raios UVA e UVB nessas lentes \u00e9 que nos traz prote\u00e7\u00e3o\u201d, <\/span><\/span><span class=\"s4\"><span class=\"bumpedFont15\">explica a oftalmologista Manuela Ten\u00f3rio, do Hospital de Olhos Santa Luzia, integrante da rede Vision One.<\/span><\/span><\/p>\n<p class=\"s3\" style=\"text-align: justify;\"><span class=\"s4\"><span class=\"bumpedFont15\">Ap\u00f3s passar o dia na praia lendo, a americana come\u00e7ou a sentir dor e queima\u00e7\u00e3o, al\u00e9m de uma sensa\u00e7\u00e3o de irrita\u00e7\u00e3o nos olhos, como se a regi\u00e3o estivesse cheia de areia. Mas foi s\u00f3 ao chegar em casa que percebeu que havia uma pequena mancha marrom no olho direito. Na ocasi\u00e3o, ela lavou a \u00e1rea com \u00e1gua corrente, tomou um rem\u00e9dio anti-inflamat\u00f3rio e esperou por uma melhora.<\/span><\/span><\/p>\n<p class=\"s3\" style=\"text-align: justify;\"><span class=\"s4\"><span class=\"bumpedFont15\">S\u00f3 que no final de semana seguinte, depois de mais um dia de praia, ela notou uma nova mancha, dessa vez no olho esquerdo. Segundo ela, a sensa\u00e7\u00e3o era de uma queimadura real, mais do que uma simples alergia. <\/span><\/span><span class=\"s4\"><span class=\"bumpedFont15\">A oftalmologista Manuela Ten\u00f3rio alerta que os raios ultravioleta podem causar diversas doen\u00e7as oculares. <\/span><\/span><span class=\"s4\"><span class=\"bumpedFont15\">\u201cA exposi\u00e7\u00e3o excessiva aos raios UVA e UVB \u00e9 respons\u00e1vel por antecipa\u00e7\u00e3o de catarata, surgimento de pter\u00edgio e aumento da chance de c\u00e2nceres da superf\u00edcie ocular, por exempl<\/span><\/span><span class=\"s4\"><span class=\"bumpedFont15\">o\u201d, afirma a especialista do Hospital de Olhos Santa Luzia<\/span><\/span><span class=\"s4\"><span class=\"bumpedFont15\">.<\/span><\/span><\/p>\n<p class=\"s3\" style=\"text-align: justify;\"><span class=\"s4\"><span class=\"bumpedFont15\">Ao procurar um m\u00e9dico, Dana foi diagnosticada com um quadro de fotoceratite, uma esp\u00e9cie de queimadura ocular causada pela exposi\u00e7\u00e3o excessiva a raios ultravioleta (UVA e UVB). Outros sintomas da condi\u00e7\u00e3o incluem vermelhid\u00e3o, lacrimejamento, incha\u00e7o, dificuldade para abrir os olhos, sensa\u00e7\u00e3o de &#8220;areia&#8221; na regi\u00e3o e sensibilidade \u00e0 luz. <\/span><\/span><span class=\"s4\"><span class=\"bumpedFont15\">O<\/span><\/span><span class=\"s4\"><span class=\"bumpedFont15\">s m\u00e9dicos informaram que a mancha poderia aumentar at\u00e9 causar a perda da vis\u00e3o. Apesar da dor ter passado, Dana acabou desenvolvendo uma maior sensibilidade \u00e0 luz e agora tem mais dificuldade para enxergar, precisando utilizar \u00f3culos de sol com mais frequ\u00eancia.<\/span><\/span><\/p>\n<p class=\"s3\" style=\"text-align: justify;\"><span class=\"s4\"><span class=\"bumpedFont15\">\u201c<\/span><\/span><span class=\"s4\"><span class=\"bumpedFont15\">O mais importante \u00e9 prevenir! Use \u00f3culos com filtro contra raios ultravioleta, evite os hor\u00e1rios de maior incid\u00eancia, n\u00e3o olhe diretamente para o sol. Em caso de desconforto ocular, piora da acuidade visual ou surgimentos de manchas no globo ocular, procure seu m\u00e9dico oftalmologista\u201d, orienta <\/span><\/span><span style=\"font-size: revert;\">\u00a0oftalmologista do Hospital de Olhos Santa Luzia.<\/span><\/p>\n<p class=\"s3\" style=\"text-align: justify;\"><span style=\"font-size: revert;\">Foto: DailyMail<\/span><\/p>\n<p style=\"text-align: justify;\">\n","protected":false},"excerpt":{"rendered":"<p>A norte-americana Dana Galiano, de 47 anos, acabou virando um exemplo da import\u00e2ncia do uso de \u00f3culos escuros para a&hellip;<\/p>\n","protected":false},"author":1,"featured_media":96464,"comment_status":"closed","ping_status":"open","sticky":false,"template":"","format":"standard","meta":{"footnotes":""},"categories":[14120],"tags":[27600,2,19532,3406],"class_list":["post-96463","post","type-post","status-publish","format-standard","has-post-thumbnail","hentry","category-noticias","tag-americana-sofre-queimadura-de-sol-nos-olhos-e-fica-parcialmente-cega","tag-blog-do-edvaldo-magalhaes","tag-blog-mais-acessado-e-visualizado-de-caruaru-e-regiao","tag-caruaru"],"_links":{"self":[{"href":"https:\/\/blogdoedvaldomagalhaes.com.br\/index.php\/wp-json\/wp\/v2\/posts\/96463","targetHints":{"allow":["GET"]}}],"collection":[{"href":"https:\/\/blogdoedvaldomagalhaes.com.br\/index.php\/wp-json\/wp\/v2\/posts"}],"about":[{"href":"https:\/\/blogdoedvaldomagalhaes.com.br\/index.php\/wp-json\/wp\/v2\/types\/post"}],"author":[{"embeddable":true,"href":"https:\/\/blogdoedvaldomagalhaes.com.br\/index.php\/wp-json\/wp\/v2\/users\/1"}],"replies":[{"embeddable":true,"href":"https:\/\/blogdoedvaldomagalhaes.com.br\/index.php\/wp-json\/wp\/v2\/comments?post=96463"}],"version-history":[{"count":2,"href":"https:\/\/blogdoedvaldomagalhaes.com.br\/index.php\/wp-json\/wp\/v2\/posts\/96463\/revisions"}],"predecessor-version":[{"id":96475,"href":"https:\/\/blogdoedvaldomagalhaes.com.br\/index.php\/wp-json\/wp\/v2\/posts\/96463\/revisions\/96475"}],"wp:featuredmedia":[{"embeddable":true,"href":"https:\/\/blogdoedvaldomagalhaes.com.br\/index.php\/wp-json\/wp\/v2\/media\/96464"}],"wp:attachment":[{"href":"https:\/\/blogdoedvaldomagalhaes.com.br\/index.php\/wp-json\/wp\/v2\/media?parent=96463"}],"wp:term":[{"taxonomy":"category","embeddable":true,"href":"https:\/\/blogdoedvaldomagalhaes.com.br\/index.php\/wp-json\/wp\/v2\/categories?post=96463"},{"taxonomy":"post_tag","embeddable":true,"href":"https:\/\/blogdoedvaldomagalhaes.com.br\/index.php\/wp-json\/wp\/v2\/tags?post=96463"}],"curies":[{"name":"wp","href":"https:\/\/api.w.org\/{rel}","templated":true}]}}