{"id":96460,"date":"2023-05-22T12:42:55","date_gmt":"2023-05-22T15:42:55","guid":{"rendered":"https:\/\/blogdoedvaldomagalhaes.com.br\/?p=96460"},"modified":"2023-05-22T12:42:55","modified_gmt":"2023-05-22T15:42:55","slug":"obra-de-maria-divulga-programacao-completa-do-evento-dos-33-anos","status":"publish","type":"post","link":"https:\/\/blogdoedvaldomagalhaes.com.br\/index.php\/2023\/05\/22\/obra-de-maria-divulga-programacao-completa-do-evento-dos-33-anos\/","title":{"rendered":"Obra de Maria divulga programa\u00e7\u00e3o completa do evento dos 33 anos"},"content":{"rendered":"<p style=\"text-align: justify;\">A programa\u00e7\u00e3o da celebra\u00e7\u00e3o dos 33 anos da Comunidade Obra de Maria tem missas, muitas prega\u00e7\u00f5es e shows nos dois dias de evento. No dia 24 de junho, s\u00e1bado de S\u00e3o Jo\u00e3o, os padres Edimilson Lopes e Roger Luiz, da Can\u00e7\u00e3o Nova, comandam os louvores e as missas pela manh\u00e3 e o encerramento das celebra\u00e7\u00f5es ser\u00e1 com a prega\u00e7\u00e3o e show da Irm\u00e3 Kelly Patr\u00edcia. No domingo, dia 25 de junho, os dois padres da Can\u00e7\u00e3o Nova tamb\u00e9m presidem as missas e prega\u00e7\u00f5es pela manh\u00e3 e o grande destaque do dia fica por conta do padre F\u00e1bio de Melo, que encerra a programa\u00e7\u00e3o com o show \u00e0s 18h. O grande encontro acontece no Teatro Guararapes, no Centro de Conven\u00e7\u00f5es, em Olinda.<\/p>\n<p>No s\u00e1bado, a programa\u00e7\u00e3o come\u00e7a \u00e0s 9 horas e segue at\u00e9 \u00e0s 19h, com intervalos regulares. Nas primeiras horas est\u00e3o confirmados nomes como Padre Edmilson e Padre Roger do Can\u00e7\u00e3o, que presidem as missas e as prega\u00e7\u00f5es programadas. O primeiro dia ainda ter\u00e1 o show de encerramento da Irm\u00e3 Kelly Patr\u00edcia, que finaliza o s\u00e1bado com can\u00e7\u00f5es de destaque no mundo cat\u00f3lico.<\/p>\n<p>J\u00e1 o domingo reserva, al\u00e9m de mais prega\u00e7\u00f5es da Can\u00e7\u00e3o Nova, um dia cheio de m\u00fasica e missas. \u00c0 tarde ser\u00e3o iniciados os shows com os padres Jo\u00e3o Carlos e Frei Dami\u00e3o. Encerrando a programa\u00e7\u00e3o, o padre F\u00e1bio de Melo sobe ao palco, como a atra\u00e7\u00e3o mais aguardada do dia. O final das comemora\u00e7\u00f5es est\u00e1 previsto para \u00e0s 19h.<\/p>\n<p>Os ingressos para os dois dias do evento j\u00e1 est\u00e3o sendo vendidos na Sede da Obra de Maria, em S\u00e3o Louren\u00e7o da Mata; na Igreja do Esp\u00edrito Santo, no bairro de Santo Ant\u00f4nio; na Loja do Condom\u00ednio, na Madalena; na bilheteria do Centro de Conven\u00e7\u00f5es de Pernambuco e na plataforma online do Sympla. Para quem for a apenas um dia do evento, o ingresso para balc\u00e3o custa 10 reais e cadeira inferior 30 reais. Quem for para os dois dias de evento, ter\u00e1 um desconto especial: 15,00 reais para balc\u00e3o (que d\u00e1 direito aos dois dias) e cadeira inferior 50 reais (para os dois dias).<\/p>\n<p>A Obra de Maria est\u00e1 presente em 41 pa\u00edses do mundo, nos continentes europeu, na Am\u00e9rica do Sul, \u00c1frica e \u00c1sia. Sua maior concentra\u00e7\u00e3o est\u00e1 na \u00c1frica, em pa\u00edses como Angola, Mo\u00e7ambique, Cabo Verde e Costa do Marfim. O trabalho da comunidade envolve muito al\u00e9m de a\u00e7\u00f5es emergenciais de assist\u00eancia social e trag\u00e9dias humanit\u00e1rias decorrentes de enchentes e furac\u00f5es. As atividades dos mission\u00e1rios da Comunidade Cat\u00f3lica s\u00e3o permanentes durante todo o ano, com eventos sociais para arrecadar fundos para a manuten\u00e7\u00e3o de moradias, alimenta\u00e7\u00e3o, creches, hospitais, abrigos, escolas, al\u00e9m de administrar os eventos e peregrina\u00e7\u00f5es evangelizadores.<\/p>\n<p>Anivers\u00e1rio de 33 da Comunidade Obra de Maria<\/p>\n<p>Data: 24 e 24 de junho<\/p>\n<p>Hor\u00e1rio: Das 9 \u00e0s 20 horas<\/p>\n<p>Local: Teatro Guararapes, no Centro de Conven\u00e7\u00f5es &#8211; Av. Prof. Andrade Bezerra, s\/n &#8211; Salgadinho, Olinda<\/p>\n<p>Ingressos para um dia (s\u00e1bado ou domingo):<br \/>\nBalc\u00e3o = R$ 10,00 e cadeiras inferiores (parte de baixo) = R$ 30,00<\/p>\n<p>Ingressos para dois os dias: Balc\u00e3o = R$ 15,00 e cadeiras inferiores = R$ 50,00.<\/p>\n<p>Locais de venda: Sede da Obra de Maria, em S\u00e3o Louren\u00e7o da Mata; Igreja do Esp\u00edrito Santo, no Bairro de Santo Ant\u00f4nio; Loja do Condom\u00ednio, na Madalena; bilheteria do Centro de Conven\u00e7\u00f5es de Pernambuco e na plataforma online do Sympla.<\/p>\n<p>Telefone para contato: 81-3048-8050<\/p>\n<p style=\"text-align: justify;\">Fotos: Divulga\u00e7\u00e3o.<\/p>\n<p style=\"text-align: justify;\">\u00a0Siga o Instagram do Blog @blogdoedvaldomagalhaes<\/p>\n","protected":false},"excerpt":{"rendered":"<p>A programa\u00e7\u00e3o da celebra\u00e7\u00e3o dos 33 anos da Comunidade Obra de Maria tem missas, muitas prega\u00e7\u00f5es e shows nos dois&hellip;<\/p>\n","protected":false},"author":1,"featured_media":96461,"comment_status":"closed","ping_status":"open","sticky":false,"template":"","format":"standard","meta":{"footnotes":""},"categories":[14120],"tags":[2,19532,3406],"class_list":["post-96460","post","type-post","status-publish","format-standard","has-post-thumbnail","hentry","category-noticias","tag-blog-do-edvaldo-magalhaes","tag-blog-mais-acessado-e-visualizado-de-caruaru-e-regiao","tag-caruaru"],"_links":{"self":[{"href":"https:\/\/blogdoedvaldomagalhaes.com.br\/index.php\/wp-json\/wp\/v2\/posts\/96460","targetHints":{"allow":["GET"]}}],"collection":[{"href":"https:\/\/blogdoedvaldomagalhaes.com.br\/index.php\/wp-json\/wp\/v2\/posts"}],"about":[{"href":"https:\/\/blogdoedvaldomagalhaes.com.br\/index.php\/wp-json\/wp\/v2\/types\/post"}],"author":[{"embeddable":true,"href":"https:\/\/blogdoedvaldomagalhaes.com.br\/index.php\/wp-json\/wp\/v2\/users\/1"}],"replies":[{"embeddable":true,"href":"https:\/\/blogdoedvaldomagalhaes.com.br\/index.php\/wp-json\/wp\/v2\/comments?post=96460"}],"version-history":[{"count":1,"href":"https:\/\/blogdoedvaldomagalhaes.com.br\/index.php\/wp-json\/wp\/v2\/posts\/96460\/revisions"}],"predecessor-version":[{"id":96462,"href":"https:\/\/blogdoedvaldomagalhaes.com.br\/index.php\/wp-json\/wp\/v2\/posts\/96460\/revisions\/96462"}],"wp:featuredmedia":[{"embeddable":true,"href":"https:\/\/blogdoedvaldomagalhaes.com.br\/index.php\/wp-json\/wp\/v2\/media\/96461"}],"wp:attachment":[{"href":"https:\/\/blogdoedvaldomagalhaes.com.br\/index.php\/wp-json\/wp\/v2\/media?parent=96460"}],"wp:term":[{"taxonomy":"category","embeddable":true,"href":"https:\/\/blogdoedvaldomagalhaes.com.br\/index.php\/wp-json\/wp\/v2\/categories?post=96460"},{"taxonomy":"post_tag","embeddable":true,"href":"https:\/\/blogdoedvaldomagalhaes.com.br\/index.php\/wp-json\/wp\/v2\/tags?post=96460"}],"curies":[{"name":"wp","href":"https:\/\/api.w.org\/{rel}","templated":true}]}}