{"id":96446,"date":"2023-05-22T11:28:40","date_gmt":"2023-05-22T14:28:40","guid":{"rendered":"https:\/\/blogdoedvaldomagalhaes.com.br\/?p=96446"},"modified":"2023-05-22T13:51:47","modified_gmt":"2023-05-22T16:51:47","slug":"dia-municipal-das-comidas-gigantes-de-caruaru-sera-comemorado-com-grande-evento-nesta-segunda-22","status":"publish","type":"post","link":"https:\/\/blogdoedvaldomagalhaes.com.br\/index.php\/2023\/05\/22\/dia-municipal-das-comidas-gigantes-de-caruaru-sera-comemorado-com-grande-evento-nesta-segunda-22\/","title":{"rendered":"Dia Municipal das Comidas Gigantes de Caruaru ser\u00e1 comemorado com grande evento nesta segunda (22)"},"content":{"rendered":"<div class=\"news-thumb \" style=\"text-align: justify;\">O Dia Municipal das Comidas Gigantes de Caruaru, \u00e9 comemorado no dia 22 de maio. Para celebrar a data haver\u00e1 uma grande festa junina com todas as iguarias, na Via Parque do bairro Cidade Jardim, nesta segunda-feira (22.05), a partir das 19h, com trio el\u00e9trico Mania e quadrilhas juninas. As atra\u00e7\u00f5es musicais ser\u00e3o Marquinhos, Balada, Amigos do Forr\u00f3 e Edjailson da Caruforr\u00f3. Haver\u00e1 Desfiles das Rainhas das Comidas Gigantes. Ser\u00e3o servidas muitas comidas regionais gratuitamente. Uma revista sobre \u00e0s 15 festas da Associa\u00e7\u00e3o dos Idealizadores das Comidas Gigantes de Caruaru, ser\u00e1 lan\u00e7ada.<\/div>\n<div class=\"single-content\">\n<div class=\"single-entry-summary\">\n<div id=\"post-body-8517252984684933718\" class=\"post-body entry-content\">\n<p style=\"text-align: justify;\">A lei que estabelece 22 de maio como o Dia Municipal das Comidas Gigantes, \u00e9 de autoria do ent\u00e3o vereador Rosael do Divin\u00f3polis, e foi sancionada em 2018 pela ent\u00e3o prefeita Raquel Lyra.<\/p>\n<p style=\"text-align: justify;\"><b>Hist\u00f3ria das Comidas Gigantes:<\/b><\/p>\n<p style=\"text-align: justify;\">Nem sempre os tempos foram f\u00e1ceis no interior de Pernambuco. Todos brincavam o S\u00e3o Jo\u00e3o, mas algumas coisas ainda eram exclusivas de quem possu\u00eda uma melhor condi\u00e7\u00e3o financeira e, por incr\u00edvel que pare\u00e7a, uma delas era comer pamonha. Na \u00e9poca essa era uma comida junina \u201ccara\u201d e foi isso que motivou Margarida e Jos\u00e9 Moreira, com ajuda de alguns amigos, a fazer uma pamonha para celebrar em grande estilo o S\u00e3o Jo\u00e3o de 1990.<\/p>\n<p style=\"text-align: justify;\">A primeira guloseima feita teve modestos de 3,8kg, grande em compara\u00e7\u00e3o ao tamanho em que uma pamonha \u00e9 geralmente feita, mas esse peso aumentou e chegou a 340kg. Um dos inspirados por essa del\u00edcia de milho em grandes propor\u00e7\u00f5es foi o primo de Margarida, Augusto Soares, conhecido na cidade como Augusto Eventos, que em 1994 teve a ideia de criar o Cuscuz Gigante.<\/p>\n<p style=\"text-align: justify;\">Depois, vieram as diversas comidas gigantes e, atualmente, quase 60 festas s\u00e3o realizadas durante o ciclo junino. Existem grupos de organizadores das festas no munic\u00edpio, que s\u00e3o: Associa\u00e7\u00e3o dos Idealizadores das Comidas Gigantes de Caruaru (pioneira), Uni\u00e3o das Comidas Gigantes de Caruaru, Movimento dos Idealizadores das Comidas Gigantes de Caruaru, Liga das Comidas Gigantes e Associa\u00e7\u00e3o das Comidas Gigantes Independentes.<\/p>\n<p style=\"text-align: justify;\">Foto: Reprodu\u00e7\u00e3o\/Blog do Edvaldo Magalh\u00e3es.<\/p>\n<p style=\"text-align: justify;\">Siga o Instagram do Blog @blogdoedvaldomagalhaes<\/p>\n<\/div>\n<\/div>\n<\/div>\n","protected":false},"excerpt":{"rendered":"<p>O Dia Municipal das Comidas Gigantes de Caruaru, \u00e9 comemorado no dia 22 de maio. Para celebrar a data haver\u00e1&hellip;<\/p>\n","protected":false},"author":1,"featured_media":96447,"comment_status":"closed","ping_status":"open","sticky":false,"template":"","format":"standard","meta":{"footnotes":""},"categories":[14120],"tags":[2,19532,3406,27599,6758],"class_list":["post-96446","post","type-post","status-publish","format-standard","has-post-thumbnail","hentry","category-noticias","tag-blog-do-edvaldo-magalhaes","tag-blog-mais-acessado-e-visualizado-de-caruaru-e-regiao","tag-caruaru","tag-dia-municipal-das-comidas-gigantes-de-caruaru-sera-comemorado-com-grande-evento-nesta-segunda-22","tag-sao-joao"],"_links":{"self":[{"href":"https:\/\/blogdoedvaldomagalhaes.com.br\/index.php\/wp-json\/wp\/v2\/posts\/96446","targetHints":{"allow":["GET"]}}],"collection":[{"href":"https:\/\/blogdoedvaldomagalhaes.com.br\/index.php\/wp-json\/wp\/v2\/posts"}],"about":[{"href":"https:\/\/blogdoedvaldomagalhaes.com.br\/index.php\/wp-json\/wp\/v2\/types\/post"}],"author":[{"embeddable":true,"href":"https:\/\/blogdoedvaldomagalhaes.com.br\/index.php\/wp-json\/wp\/v2\/users\/1"}],"replies":[{"embeddable":true,"href":"https:\/\/blogdoedvaldomagalhaes.com.br\/index.php\/wp-json\/wp\/v2\/comments?post=96446"}],"version-history":[{"count":9,"href":"https:\/\/blogdoedvaldomagalhaes.com.br\/index.php\/wp-json\/wp\/v2\/posts\/96446\/revisions"}],"predecessor-version":[{"id":96467,"href":"https:\/\/blogdoedvaldomagalhaes.com.br\/index.php\/wp-json\/wp\/v2\/posts\/96446\/revisions\/96467"}],"wp:featuredmedia":[{"embeddable":true,"href":"https:\/\/blogdoedvaldomagalhaes.com.br\/index.php\/wp-json\/wp\/v2\/media\/96447"}],"wp:attachment":[{"href":"https:\/\/blogdoedvaldomagalhaes.com.br\/index.php\/wp-json\/wp\/v2\/media?parent=96446"}],"wp:term":[{"taxonomy":"category","embeddable":true,"href":"https:\/\/blogdoedvaldomagalhaes.com.br\/index.php\/wp-json\/wp\/v2\/categories?post=96446"},{"taxonomy":"post_tag","embeddable":true,"href":"https:\/\/blogdoedvaldomagalhaes.com.br\/index.php\/wp-json\/wp\/v2\/tags?post=96446"}],"curies":[{"name":"wp","href":"https:\/\/api.w.org\/{rel}","templated":true}]}}