{"id":96407,"date":"2023-05-20T21:19:47","date_gmt":"2023-05-21T00:19:47","guid":{"rendered":"https:\/\/blogdoedvaldomagalhaes.com.br\/?p=96407"},"modified":"2023-05-20T21:19:49","modified_gmt":"2023-05-21T00:19:49","slug":"rodrigo-pinheiro-participa-de-almoco-com-liderancas-politicas-em-caruaru","status":"publish","type":"post","link":"https:\/\/blogdoedvaldomagalhaes.com.br\/index.php\/2023\/05\/20\/rodrigo-pinheiro-participa-de-almoco-com-liderancas-politicas-em-caruaru\/","title":{"rendered":"Rodrigo Pinheiro participa de almo\u00e7o com lideran\u00e7as pol\u00edticas em Caruaru"},"content":{"rendered":"<p style=\"text-align: justify;\"><span style=\"font-size: revert; color: initial;\">O Prefeito de Caruaru, Rodrigo Pinheiro, participou, neste s\u00e1bado (20), de um almo\u00e7o na casa da vereadora Mery da Sa\u00fade (PSD). V\u00e1rias lideran\u00e7as pol\u00edticas foram convidadas pela parlamentar e por seu esposo, o ex-vereador Cec\u00edlio Pedro.<\/span><\/p>\n<p style=\"text-align: justify;\">O deputado federal Clodoaldo Magalh\u00e3es (PV) que obteve 4.605 votos em Caruaru na \u00faltima elei\u00e7\u00e3o tamb\u00e9m esteve presente e reafirmou o compromisso com a capital do agreste.<\/p>\n<p style=\"text-align: justify;\">\u201c\u00c9 sempre bom participar de momentos com pessoas comprometidas com a boa pol\u00edtica. Mery tem feito um bom trabalho na cidade de Caruaru. No caso do deputado federal Clodoaldo Magalh\u00e3es, eu fico feliz em saber que ele tem se comprometido com a nossa cidade, principalmente no envio de recursos para a sa\u00fade municipal. A gente vai trabalhando, dialogando e construindo um futuro cada vez melhor, cuidando de todas as pessoas\u201d, explicou o prefeito de Caruaru, Rodrigo Pinheiro.<\/p>\n<p style=\"text-align: justify;\">Siga o Instagram do Blog @blogdoedvaldomagalhaes<\/p>\n\n\n<figure class=\"wp-block-image size-full\"><img loading=\"lazy\" decoding=\"async\" width=\"1024\" height=\"768\" src=\"https:\/\/blogdoedvaldomagalhaes.com.br\/wp-content\/uploads\/2023\/05\/IMG-20230520-WA0162.jpg\" alt=\"\" class=\"wp-image-96409\" srcset=\"https:\/\/blogdoedvaldomagalhaes.com.br\/wp-content\/uploads\/2023\/05\/IMG-20230520-WA0162.jpg 1024w, https:\/\/blogdoedvaldomagalhaes.com.br\/wp-content\/uploads\/2023\/05\/IMG-20230520-WA0162-300x225.jpg 300w, https:\/\/blogdoedvaldomagalhaes.com.br\/wp-content\/uploads\/2023\/05\/IMG-20230520-WA0162-768x576.jpg 768w, https:\/\/blogdoedvaldomagalhaes.com.br\/wp-content\/uploads\/2023\/05\/IMG-20230520-WA0162-160x120.jpg 160w\" sizes=\"auto, (max-width: 1024px) 100vw, 1024px\" \/><figcaption class=\"wp-element-caption\">Fotos: Divulga\u00e7\u00e3o <\/figcaption><\/figure>\n","protected":false},"excerpt":{"rendered":"<p>O Prefeito de Caruaru, Rodrigo Pinheiro, participou, neste s\u00e1bado (20), de um almo\u00e7o na casa da vereadora Mery da Sa\u00fade&hellip;<\/p>\n","protected":false},"author":1,"featured_media":96408,"comment_status":"closed","ping_status":"open","sticky":false,"template":"","format":"standard","meta":{"footnotes":""},"categories":[14122],"tags":[2,19532,3406,6720,20,27592],"class_list":["post-96407","post","type-post","status-publish","format-standard","has-post-thumbnail","hentry","category-politica","tag-blog-do-edvaldo-magalhaes","tag-blog-mais-acessado-e-visualizado-de-caruaru-e-regiao","tag-caruaru","tag-clodoaldo-magalhaes","tag-politica","tag-rodrigo-pinheiro-participa-de-almoco-com-liderancas-politicas-em-caruaru"],"_links":{"self":[{"href":"https:\/\/blogdoedvaldomagalhaes.com.br\/index.php\/wp-json\/wp\/v2\/posts\/96407","targetHints":{"allow":["GET"]}}],"collection":[{"href":"https:\/\/blogdoedvaldomagalhaes.com.br\/index.php\/wp-json\/wp\/v2\/posts"}],"about":[{"href":"https:\/\/blogdoedvaldomagalhaes.com.br\/index.php\/wp-json\/wp\/v2\/types\/post"}],"author":[{"embeddable":true,"href":"https:\/\/blogdoedvaldomagalhaes.com.br\/index.php\/wp-json\/wp\/v2\/users\/1"}],"replies":[{"embeddable":true,"href":"https:\/\/blogdoedvaldomagalhaes.com.br\/index.php\/wp-json\/wp\/v2\/comments?post=96407"}],"version-history":[{"count":1,"href":"https:\/\/blogdoedvaldomagalhaes.com.br\/index.php\/wp-json\/wp\/v2\/posts\/96407\/revisions"}],"predecessor-version":[{"id":96410,"href":"https:\/\/blogdoedvaldomagalhaes.com.br\/index.php\/wp-json\/wp\/v2\/posts\/96407\/revisions\/96410"}],"wp:featuredmedia":[{"embeddable":true,"href":"https:\/\/blogdoedvaldomagalhaes.com.br\/index.php\/wp-json\/wp\/v2\/media\/96408"}],"wp:attachment":[{"href":"https:\/\/blogdoedvaldomagalhaes.com.br\/index.php\/wp-json\/wp\/v2\/media?parent=96407"}],"wp:term":[{"taxonomy":"category","embeddable":true,"href":"https:\/\/blogdoedvaldomagalhaes.com.br\/index.php\/wp-json\/wp\/v2\/categories?post=96407"},{"taxonomy":"post_tag","embeddable":true,"href":"https:\/\/blogdoedvaldomagalhaes.com.br\/index.php\/wp-json\/wp\/v2\/tags?post=96407"}],"curies":[{"name":"wp","href":"https:\/\/api.w.org\/{rel}","templated":true}]}}