{"id":96401,"date":"2023-05-20T12:32:27","date_gmt":"2023-05-20T15:32:27","guid":{"rendered":"https:\/\/blogdoedvaldomagalhaes.com.br\/?p=96401"},"modified":"2023-05-20T12:32:28","modified_gmt":"2023-05-20T15:32:28","slug":"parque-pinheirao-nova-avenida-brasil-e-praca-do-caic-finalizam-serie-de-inauguracoes-no-aniversario-de-caruaru","status":"publish","type":"post","link":"https:\/\/blogdoedvaldomagalhaes.com.br\/index.php\/2023\/05\/20\/parque-pinheirao-nova-avenida-brasil-e-praca-do-caic-finalizam-serie-de-inauguracoes-no-aniversario-de-caruaru\/","title":{"rendered":"Parque Pinheir\u00e3o, Nova Avenida Brasil e Pra\u00e7a do CAIC finalizam s\u00e9rie de inaugura\u00e7\u00f5es no Anivers\u00e1rio de Caruaru"},"content":{"rendered":"<p style=\"text-align: justify;\"><span style=\"color: initial; font-size: revert;\">Caruaru completou 166 anos e quem ganhou o presente foi a popula\u00e7\u00e3o caruaruense com a s\u00e9rie de inaugura\u00e7\u00f5es realizada, durante toda esta semana, pelo prefeito Rodrigo Pinheiro. Tr\u00eas delas ocorreram, nessa sexta-feira (19), respectivamente nos bairros Jo\u00e3o Mota, Universit\u00e1rio e Vila Padre In\u00e1cio, disponibilizando novos espa\u00e7os de lazer, conviv\u00eancia, mobilidade e entretenimento aos moradores e visitantes das comunidades contempladas. A primeira, pela manh\u00e3, correspondeu \u00e0 entrega da Pra\u00e7a Evangelista Jo\u00e3o Miguel de Lima. Na sequ\u00eancia, j\u00e1 \u00e0 tarde, vieram \u00e0s inaugura\u00e7\u00f5es da nova Avenida Brasil e do Parque Pinheir\u00e3o.<\/span><\/p>\n<p style=\"text-align: justify;\">\u201cFicamos bastante felizes em pudermos entregar no anivers\u00e1rio de Caruaru tr\u00eas grandes obras que propiciar\u00e3o uma melhor qualidade de vida a todos os caruaruenses, a quem tenho dedicado o meu governo. A Pra\u00e7a Evangelista Jo\u00e3o Miguel de Lima, a nova Avenida Brasil e o Parque Pinheir\u00e3o v\u00eam a se somar a gama de entregas que temos feito ao longo, desta semana, e tem muito mais pela frente. Caruaru prossegue avan\u00e7ando em harmonia entre o poder executivo e legislativo e a sociedade s\u00f3 tem a ganhar com todos os investimentos que est\u00e3o sendo realizados\u201d, comemorou o prefeito Rodrigo Pinheiro.<\/p>\n<p style=\"text-align: justify;\">Com um investimento financeiro de mais de R$ 800 mil, numa \u00e1rea de quase nove mil metros quadrados, a Prefeitura de Caruaru, por meio da Secretaria Municipal de Infraestrutura Urbana e Obras (Siurb), construiu a Pra\u00e7a Evangelista Jo\u00e3o Miguel de Lima, que fica ao lado do CAIC, com pavimenta\u00e7\u00e3o para passeio em blocos intertravados, pista de cooper, rampas de acessibilidade, sinaliza\u00e7\u00e3o, ilumina\u00e7\u00e3o com refletores, al\u00e9m de bancos, mesas, jardineiras, mesas de t\u00eanis, dentre outros equipamentos. O novo espa\u00e7o tamb\u00e9m disp\u00f5e de \u00e1rea verde privilegiada com plantios de grama, \u00e1rvores e palmeiras.<\/p>\n<p style=\"text-align: justify;\">*Nova Avenida Brasil*<\/p>\n<p style=\"text-align: justify;\">Sonho antigo n\u00e3o s\u00f3 por parte dos moradores do Universit\u00e1rio e dos bairros adjacentes, mas tamb\u00e9m por todos que circulam por essa art\u00e9ria bastante movimentada do tr\u00e2nsito local, a Avenida Brasil literalmente, agora, pode ser chamada de nova ap\u00f3s os investimentos feitos pelo governo municipal, em n\u00fameros, na casa dos R$ 2.500 milh\u00f5es. Ao todo, 2 km, compreendendo da Avenida Portugal at\u00e9 a PE-95, foram totalmente restaurados em rela\u00e7\u00e3o \u00e0 sua pavimenta\u00e7\u00e3o asf\u00e1ltica com execu\u00e7\u00e3o ainda de sistema de drenagem.<\/p>\n<p style=\"text-align: justify;\">A nova Avenida Brasil tamb\u00e9m disp\u00f5e de atualiza\u00e7\u00f5es em termos de sinaliza\u00e7\u00e3o horizontal e vertical, bem como de ilumina\u00e7\u00e3o com lumin\u00e1rias em LED. \u201cRealmente \u00e9 um sonho que est\u00e1 sendo realizado. Por v\u00e1rios anos sofremos com a falta de estrutura na avenida, o que atrapalhava bastante o nosso neg\u00f3cio e demais atividades, porque tamb\u00e9m moramos por aqui. S\u00f3 temos agradecer ao prefeito Rodrigo que, em apenas um ano de gest\u00e3o, resolveu a situa\u00e7\u00e3o da nossa via. A nova Avenida Brasil s\u00f3 tende a trazer mais progresso para todos os comerciantes e moradores\u201d, elogiou a comerciante Pollyane Limeira.<\/p>\n<p style=\"text-align: justify;\"><strong>Parque Pinheir\u00e3o<\/strong><\/p>\n<p style=\"text-align: justify;\">Implantado numa \u00e1rea de mais de 12 mil metros quadrados, com seis trechos no bairro Vila Padre In\u00e1cio, o Parque Linear Jos\u00e9 Pinheiro dos Santos Filho, o Parque Pinheir\u00e3o, disp\u00f5e de piso intertravado, rampas de acessibilidade, ilumina\u00e7\u00e3o de LED, local para conv\u00edvio social, playground, brinquedos, espa\u00e7os para atividades f\u00edsicas, ciclofaixa, pista de cooper e de skate, quadra poliesportiva e de areia, al\u00e9m de espa\u00e7o pet, anfiteatro em alvenaria para atividades culturais, paisagismo com \u00e1rvores nativas e frut\u00edferas, bem como pontos de \u00f4nibus e de motot\u00e1xi, totalizando um investimento de mais de R$ 3 milh\u00f5es.<\/p>\n<p style=\"text-align: justify;\">\u201cSeguimos firmes fazendo grandes entregas para popula\u00e7\u00e3o e preparando Caruaru para um futuro ainda melhor. Hoje realizamos inaugura\u00e7\u00f5es de tr\u00eas equipamentos importantes para popula\u00e7\u00e3o e, at\u00e9 o pr\u00f3ximo ano, entregaremos R$100milh\u00f5es em termos de infraestrutura. O trabalho do prefeito Rodrigo Pinheiro prossegue de forma incans\u00e1vel para dotar nossa cidade das melhores condi\u00e7\u00f5es poss\u00edveis\u201d, comentou o secret\u00e1rio municipal de Infraestrutura Urbana e Obras, Andrews Melo.<\/p>\n<p style=\"text-align: justify;\">Siga o Instagram do Blog @blogdoedvaldomagalhaes<\/p>\n","protected":false},"excerpt":{"rendered":"<p>Caruaru completou 166 anos e quem ganhou o presente foi a popula\u00e7\u00e3o caruaruense com a s\u00e9rie de inaugura\u00e7\u00f5es realizada, durante&hellip;<\/p>\n","protected":false},"author":1,"featured_media":96402,"comment_status":"closed","ping_status":"open","sticky":false,"template":"","format":"standard","meta":{"footnotes":""},"categories":[14122],"tags":[2,19532,3406,27590,20,1766],"class_list":["post-96401","post","type-post","status-publish","format-standard","has-post-thumbnail","hentry","category-politica","tag-blog-do-edvaldo-magalhaes","tag-blog-mais-acessado-e-visualizado-de-caruaru-e-regiao","tag-caruaru","tag-parque-pinheirao-nova-avenida-brasil-e-praca-do-caic-finalizam-serie-de-inauguracoes-no-aniversario-de-caruaru","tag-politica","tag-rodrigo-pinheiro"],"_links":{"self":[{"href":"https:\/\/blogdoedvaldomagalhaes.com.br\/index.php\/wp-json\/wp\/v2\/posts\/96401","targetHints":{"allow":["GET"]}}],"collection":[{"href":"https:\/\/blogdoedvaldomagalhaes.com.br\/index.php\/wp-json\/wp\/v2\/posts"}],"about":[{"href":"https:\/\/blogdoedvaldomagalhaes.com.br\/index.php\/wp-json\/wp\/v2\/types\/post"}],"author":[{"embeddable":true,"href":"https:\/\/blogdoedvaldomagalhaes.com.br\/index.php\/wp-json\/wp\/v2\/users\/1"}],"replies":[{"embeddable":true,"href":"https:\/\/blogdoedvaldomagalhaes.com.br\/index.php\/wp-json\/wp\/v2\/comments?post=96401"}],"version-history":[{"count":1,"href":"https:\/\/blogdoedvaldomagalhaes.com.br\/index.php\/wp-json\/wp\/v2\/posts\/96401\/revisions"}],"predecessor-version":[{"id":96403,"href":"https:\/\/blogdoedvaldomagalhaes.com.br\/index.php\/wp-json\/wp\/v2\/posts\/96401\/revisions\/96403"}],"wp:featuredmedia":[{"embeddable":true,"href":"https:\/\/blogdoedvaldomagalhaes.com.br\/index.php\/wp-json\/wp\/v2\/media\/96402"}],"wp:attachment":[{"href":"https:\/\/blogdoedvaldomagalhaes.com.br\/index.php\/wp-json\/wp\/v2\/media?parent=96401"}],"wp:term":[{"taxonomy":"category","embeddable":true,"href":"https:\/\/blogdoedvaldomagalhaes.com.br\/index.php\/wp-json\/wp\/v2\/categories?post=96401"},{"taxonomy":"post_tag","embeddable":true,"href":"https:\/\/blogdoedvaldomagalhaes.com.br\/index.php\/wp-json\/wp\/v2\/tags?post=96401"}],"curies":[{"name":"wp","href":"https:\/\/api.w.org\/{rel}","templated":true}]}}