{"id":96329,"date":"2023-05-19T09:48:26","date_gmt":"2023-05-19T12:48:26","guid":{"rendered":"https:\/\/blogdoedvaldomagalhaes.com.br\/?p=96329"},"modified":"2023-05-19T09:48:27","modified_gmt":"2023-05-19T12:48:27","slug":"trio-e-preso-com-armae-mandado-em-aberto","status":"publish","type":"post","link":"https:\/\/blogdoedvaldomagalhaes.com.br\/index.php\/2023\/05\/19\/trio-e-preso-com-armae-mandado-em-aberto\/","title":{"rendered":"Trio \u00e9 preso com arma<br>e mandado em aberto"},"content":{"rendered":"<p style=\"text-align: justify;\"><span style=\"font-size: revert;\">Um homem e duas mulheres foram presos, quinta-feira (18\/05), na zona rural do Cabo de Santo Agostinho, por policiais militares do Batalh\u00e3o de Pol\u00edcia Rodovi\u00e1ria (BPRv). O efetivo realizava abordagens de rotina no Posto-06 do Batalh\u00e3o, quando deu ordem de parada a um Renault Clio preto e descobriu irregularidades.<\/span><\/p>\n<p style=\"text-align: justify;\">Com uma das mulheres havia um celular queixado e, com a outra, uma pistola calibre .40, dois carregadores e 26 muni\u00e7\u00f5es. O homem assumiu a posse da arma e, ao fazer uma verifica\u00e7\u00e3o, foi descoberto que contra ele havia dois mandados de pris\u00e3o em aberto por homic\u00eddio.<\/p>\n<p style=\"text-align: justify;\">Diante dos fatos, o grupo e todo o material apreendido foram encaminhados para Delegacia de Pol\u00edcia do munic\u00edpio, onde foram tomadas as provid\u00eancias cab\u00edveis. Um segundo homem que estava no ve\u00edculo foi ouvido como testemunha e liberado. O ve\u00edculo usado tamb\u00e9m foi recolhido por estar com v\u00e1rios d\u00e9bitos. O \u00faltimo licenciamento pago foi em 2019. Foto: Divulga\u00e7\u00e3o.<\/p>\n<p style=\"text-align: justify;\">\u00a0Siga o Instagram do Blog @blogdoedvaldomagalhaes<\/p>\n","protected":false},"excerpt":{"rendered":"<p>Um homem e duas mulheres foram presos, quinta-feira (18\/05), na zona rural do Cabo de Santo Agostinho, por policiais militares&hellip;<\/p>\n","protected":false},"author":1,"featured_media":96330,"comment_status":"closed","ping_status":"open","sticky":false,"template":"","format":"standard","meta":{"footnotes":""},"categories":[14121],"tags":[2,19532,3406,27574],"class_list":["post-96329","post","type-post","status-publish","format-standard","has-post-thumbnail","hentry","category-policial","tag-blog-do-edvaldo-magalhaes","tag-blog-mais-acessado-e-visualizado-de-caruaru-e-regiao","tag-caruaru","tag-trio-e-preso-com-arma-e-mandado-em-aberto"],"_links":{"self":[{"href":"https:\/\/blogdoedvaldomagalhaes.com.br\/index.php\/wp-json\/wp\/v2\/posts\/96329","targetHints":{"allow":["GET"]}}],"collection":[{"href":"https:\/\/blogdoedvaldomagalhaes.com.br\/index.php\/wp-json\/wp\/v2\/posts"}],"about":[{"href":"https:\/\/blogdoedvaldomagalhaes.com.br\/index.php\/wp-json\/wp\/v2\/types\/post"}],"author":[{"embeddable":true,"href":"https:\/\/blogdoedvaldomagalhaes.com.br\/index.php\/wp-json\/wp\/v2\/users\/1"}],"replies":[{"embeddable":true,"href":"https:\/\/blogdoedvaldomagalhaes.com.br\/index.php\/wp-json\/wp\/v2\/comments?post=96329"}],"version-history":[{"count":1,"href":"https:\/\/blogdoedvaldomagalhaes.com.br\/index.php\/wp-json\/wp\/v2\/posts\/96329\/revisions"}],"predecessor-version":[{"id":96331,"href":"https:\/\/blogdoedvaldomagalhaes.com.br\/index.php\/wp-json\/wp\/v2\/posts\/96329\/revisions\/96331"}],"wp:featuredmedia":[{"embeddable":true,"href":"https:\/\/blogdoedvaldomagalhaes.com.br\/index.php\/wp-json\/wp\/v2\/media\/96330"}],"wp:attachment":[{"href":"https:\/\/blogdoedvaldomagalhaes.com.br\/index.php\/wp-json\/wp\/v2\/media?parent=96329"}],"wp:term":[{"taxonomy":"category","embeddable":true,"href":"https:\/\/blogdoedvaldomagalhaes.com.br\/index.php\/wp-json\/wp\/v2\/categories?post=96329"},{"taxonomy":"post_tag","embeddable":true,"href":"https:\/\/blogdoedvaldomagalhaes.com.br\/index.php\/wp-json\/wp\/v2\/tags?post=96329"}],"curies":[{"name":"wp","href":"https:\/\/api.w.org\/{rel}","templated":true}]}}