{"id":96326,"date":"2023-05-19T09:42:23","date_gmt":"2023-05-19T12:42:23","guid":{"rendered":"https:\/\/blogdoedvaldomagalhaes.com.br\/?p=96326"},"modified":"2023-05-19T09:42:24","modified_gmt":"2023-05-19T12:42:24","slug":"grupo-e-preso-por-trafico-de-crack-e-maconha","status":"publish","type":"post","link":"https:\/\/blogdoedvaldomagalhaes.com.br\/index.php\/2023\/05\/19\/grupo-e-preso-por-trafico-de-crack-e-maconha\/","title":{"rendered":"Grupo \u00e9 preso por tr\u00e1fico de crack e maconha"},"content":{"rendered":"<p style=\"text-align: justify;\"><span style=\"font-size: revert;\">Dois homens e uma mulher foram presos, quinta-feira (18\/05), por tr\u00e1fico de drogas, na Rua Maria Assun\u00e7\u00e3o, no bairro Fragoso, em Olinda. Policiais militares do 1\u00ba BPM foram averiguar den\u00fancia de que iria acontecer uma entrega de entorpecentes na via e localizaram o trio.<\/span><\/p>\n<p style=\"text-align: justify;\">Ao realizar a abordagem, foram encontrados com os suspeitos 194 Pedras de crack, 43 big bigs de maconha e 25 ziplocks da mesma droga. Diante dos fatos, os envolvidos e todo o material apreendido foram encaminhados para a Central de Plant\u00f5es da Capital para a ado\u00e7\u00e3o das medidas cab\u00edveis. Foto: Divulga\u00e7\u00e3o.<\/p>\n<p>\u00a0Siga o Instagram do Blog @blogdoedvaldomagalhaes<\/p>\n","protected":false},"excerpt":{"rendered":"<p>Dois homens e uma mulher foram presos, quinta-feira (18\/05), por tr\u00e1fico de drogas, na Rua Maria Assun\u00e7\u00e3o, no bairro Fragoso,&hellip;<\/p>\n","protected":false},"author":1,"featured_media":96327,"comment_status":"closed","ping_status":"open","sticky":false,"template":"","format":"standard","meta":{"footnotes":""},"categories":[14121],"tags":[],"class_list":["post-96326","post","type-post","status-publish","format-standard","has-post-thumbnail","hentry","category-policial"],"_links":{"self":[{"href":"https:\/\/blogdoedvaldomagalhaes.com.br\/index.php\/wp-json\/wp\/v2\/posts\/96326","targetHints":{"allow":["GET"]}}],"collection":[{"href":"https:\/\/blogdoedvaldomagalhaes.com.br\/index.php\/wp-json\/wp\/v2\/posts"}],"about":[{"href":"https:\/\/blogdoedvaldomagalhaes.com.br\/index.php\/wp-json\/wp\/v2\/types\/post"}],"author":[{"embeddable":true,"href":"https:\/\/blogdoedvaldomagalhaes.com.br\/index.php\/wp-json\/wp\/v2\/users\/1"}],"replies":[{"embeddable":true,"href":"https:\/\/blogdoedvaldomagalhaes.com.br\/index.php\/wp-json\/wp\/v2\/comments?post=96326"}],"version-history":[{"count":1,"href":"https:\/\/blogdoedvaldomagalhaes.com.br\/index.php\/wp-json\/wp\/v2\/posts\/96326\/revisions"}],"predecessor-version":[{"id":96328,"href":"https:\/\/blogdoedvaldomagalhaes.com.br\/index.php\/wp-json\/wp\/v2\/posts\/96326\/revisions\/96328"}],"wp:featuredmedia":[{"embeddable":true,"href":"https:\/\/blogdoedvaldomagalhaes.com.br\/index.php\/wp-json\/wp\/v2\/media\/96327"}],"wp:attachment":[{"href":"https:\/\/blogdoedvaldomagalhaes.com.br\/index.php\/wp-json\/wp\/v2\/media?parent=96326"}],"wp:term":[{"taxonomy":"category","embeddable":true,"href":"https:\/\/blogdoedvaldomagalhaes.com.br\/index.php\/wp-json\/wp\/v2\/categories?post=96326"},{"taxonomy":"post_tag","embeddable":true,"href":"https:\/\/blogdoedvaldomagalhaes.com.br\/index.php\/wp-json\/wp\/v2\/tags?post=96326"}],"curies":[{"name":"wp","href":"https:\/\/api.w.org\/{rel}","templated":true}]}}