{"id":96320,"date":"2023-05-19T09:26:57","date_gmt":"2023-05-19T12:26:57","guid":{"rendered":"https:\/\/blogdoedvaldomagalhaes.com.br\/?p=96320"},"modified":"2023-05-19T09:26:57","modified_gmt":"2023-05-19T12:26:57","slug":"ibra-tenis-de-mesa-e-favorita-na-principal-categoria-na-2-etapa-do-pernambucano","status":"publish","type":"post","link":"https:\/\/blogdoedvaldomagalhaes.com.br\/index.php\/2023\/05\/19\/ibra-tenis-de-mesa-e-favorita-na-principal-categoria-na-2-etapa-do-pernambucano\/","title":{"rendered":"Ibra T\u00eanis de Mesa \u00e9 favorita na principal categoria na 2 etapa do Pernambucano"},"content":{"rendered":"<p style=\"text-align: justify;\"><span style=\"font-size: revert;\">Neste \u00a0domingo dia 22 de maio a cidade de Camocim de S\u00e3o F\u00e9lix recebe a 2 etapa do campeonato Pernambucano realizado pela federa\u00e7\u00e3o e apoio da prefeitura da cidade de Camocim.<\/span><\/p>\n<p style=\"text-align: justify;\">O evento contar\u00e1 com mais de 200 inscri\u00e7\u00f5es entre atletas e t\u00e9cnicos dos principais clubes do estado. O gin\u00e1sio ter\u00e1 20 mesas para as mais de 20 categorias em disputas.<\/p>\n<p style=\"text-align: justify;\">O clube caruaruense Ibra T\u00eanis de Mesa estar\u00e1 participando com uma delega\u00e7\u00e3o de mais de 30 mesatenistas e contar\u00e1 com o principal nome da competi\u00e7\u00e3o, Lucas Souza, n\u00famero 1 do nordeste e atual campe\u00e3o do Absoluto na etapa nacional realizada no gin\u00e1sio Gerald\u00e3o em Recife. No feminino, a ibra tamb\u00e9m vem forte com as atletas Larrisa Riberti e Maria Clara. Al\u00e9m desses destaques temos grandes chances nas demais categorias, diz o t\u00e9cnico Severino junior.<\/p>\n<p style=\"text-align: justify;\">O pr\u00f3ximo compromisso ser\u00e1 o Circuito Ibra T\u00eanis de mesa que acontecer\u00e1 nos dias 2,3 e 4 de julho na sede da Ibra. Foto: Divulga\u00e7\u00e3o.<\/p>\n<p style=\"text-align: justify;\">\u00a0Siga o Instagram do Blog @blogdoedvaldomagalhaes<\/p>\n","protected":false},"excerpt":{"rendered":"<p>Neste \u00a0domingo dia 22 de maio a cidade de Camocim de S\u00e3o F\u00e9lix recebe a 2 etapa do campeonato Pernambucano&hellip;<\/p>\n","protected":false},"author":1,"featured_media":96321,"comment_status":"closed","ping_status":"open","sticky":false,"template":"","format":"standard","meta":{"footnotes":""},"categories":[14120],"tags":[2,19532,3406,27573],"class_list":["post-96320","post","type-post","status-publish","format-standard","has-post-thumbnail","hentry","category-noticias","tag-blog-do-edvaldo-magalhaes","tag-blog-mais-acessado-e-visualizado-de-caruaru-e-regiao","tag-caruaru","tag-ibra-tenis-de-mesa-e-favorita-na-principal-categoria-na-2-etapa-do-pernambucano"],"_links":{"self":[{"href":"https:\/\/blogdoedvaldomagalhaes.com.br\/index.php\/wp-json\/wp\/v2\/posts\/96320","targetHints":{"allow":["GET"]}}],"collection":[{"href":"https:\/\/blogdoedvaldomagalhaes.com.br\/index.php\/wp-json\/wp\/v2\/posts"}],"about":[{"href":"https:\/\/blogdoedvaldomagalhaes.com.br\/index.php\/wp-json\/wp\/v2\/types\/post"}],"author":[{"embeddable":true,"href":"https:\/\/blogdoedvaldomagalhaes.com.br\/index.php\/wp-json\/wp\/v2\/users\/1"}],"replies":[{"embeddable":true,"href":"https:\/\/blogdoedvaldomagalhaes.com.br\/index.php\/wp-json\/wp\/v2\/comments?post=96320"}],"version-history":[{"count":1,"href":"https:\/\/blogdoedvaldomagalhaes.com.br\/index.php\/wp-json\/wp\/v2\/posts\/96320\/revisions"}],"predecessor-version":[{"id":96322,"href":"https:\/\/blogdoedvaldomagalhaes.com.br\/index.php\/wp-json\/wp\/v2\/posts\/96320\/revisions\/96322"}],"wp:featuredmedia":[{"embeddable":true,"href":"https:\/\/blogdoedvaldomagalhaes.com.br\/index.php\/wp-json\/wp\/v2\/media\/96321"}],"wp:attachment":[{"href":"https:\/\/blogdoedvaldomagalhaes.com.br\/index.php\/wp-json\/wp\/v2\/media?parent=96320"}],"wp:term":[{"taxonomy":"category","embeddable":true,"href":"https:\/\/blogdoedvaldomagalhaes.com.br\/index.php\/wp-json\/wp\/v2\/categories?post=96320"},{"taxonomy":"post_tag","embeddable":true,"href":"https:\/\/blogdoedvaldomagalhaes.com.br\/index.php\/wp-json\/wp\/v2\/tags?post=96320"}],"curies":[{"name":"wp","href":"https:\/\/api.w.org\/{rel}","templated":true}]}}