{"id":96315,"date":"2023-05-18T21:28:43","date_gmt":"2023-05-19T00:28:43","guid":{"rendered":"https:\/\/blogdoedvaldomagalhaes.com.br\/?p=96315"},"modified":"2023-05-18T21:28:44","modified_gmt":"2023-05-19T00:28:44","slug":"crianca-e-adolescentes-fogem-de-casa-de-acolhimento-e-sao-resgatados-pela-prf-em-caruaru","status":"publish","type":"post","link":"https:\/\/blogdoedvaldomagalhaes.com.br\/index.php\/2023\/05\/18\/crianca-e-adolescentes-fogem-de-casa-de-acolhimento-e-sao-resgatados-pela-prf-em-caruaru\/","title":{"rendered":"Crian\u00e7a e adolescentes fogem de casa de acolhimento e s\u00e3o resgatados pela PRF em Caruaru"},"content":{"rendered":"<p style=\"text-align: justify;\"><span style=\"font-size: revert;\">Uma crian\u00e7a de 11 anos e dois adolescentes, de 12 e 13 anos, que estavam \u00e0s margens da BR 232, em Caruaru, foram resgatados, na quarta-feira (17), pela Pol\u00edcia Rodovi\u00e1ria Federal (PRF). Os jovens haviam fugido de uma casa de acolhimento do munic\u00edpio, que abriga pessoas em situa\u00e7\u00e3o de vulnerabilidade social.<\/span><\/p>\n<p style=\"text-align: justify;\">Policiais realizavam uma ronda pr\u00f3ximo \u00e0 Delegacia da PRF de Caruaru, quando avistaram tr\u00eas jovens em situa\u00e7\u00e3o de risco no acostamento da BR 232. Durante a abordagem, a equipe descobriu que os tr\u00eas haviam fugido da institui\u00e7\u00e3o social e pretendiam chegar a p\u00e9 em Recife.<\/p>\n<p style=\"text-align: justify;\">Os policiais encaminharam os jovens ao Conselho Tutelar, para receberem o devido acompanhento assistencial.<\/p>\n","protected":false},"excerpt":{"rendered":"<p>Uma crian\u00e7a de 11 anos e dois adolescentes, de 12 e 13 anos, que estavam \u00e0s margens da BR 232,&hellip;<\/p>\n","protected":false},"author":1,"featured_media":96316,"comment_status":"closed","ping_status":"open","sticky":false,"template":"","format":"standard","meta":{"footnotes":""},"categories":[14121],"tags":[2,19892,3406,27572],"class_list":["post-96315","post","type-post","status-publish","format-standard","has-post-thumbnail","hentry","category-policial","tag-blog-do-edvaldo-magalhaes","tag-blog-mais-acessado-e-visualizado-de-caruaru","tag-caruaru","tag-crianca-e-adolescentes-fogem-de-casa-de-acolhimento-e-sao-resgatados-pela-prf-em-caruaru"],"_links":{"self":[{"href":"https:\/\/blogdoedvaldomagalhaes.com.br\/index.php\/wp-json\/wp\/v2\/posts\/96315","targetHints":{"allow":["GET"]}}],"collection":[{"href":"https:\/\/blogdoedvaldomagalhaes.com.br\/index.php\/wp-json\/wp\/v2\/posts"}],"about":[{"href":"https:\/\/blogdoedvaldomagalhaes.com.br\/index.php\/wp-json\/wp\/v2\/types\/post"}],"author":[{"embeddable":true,"href":"https:\/\/blogdoedvaldomagalhaes.com.br\/index.php\/wp-json\/wp\/v2\/users\/1"}],"replies":[{"embeddable":true,"href":"https:\/\/blogdoedvaldomagalhaes.com.br\/index.php\/wp-json\/wp\/v2\/comments?post=96315"}],"version-history":[{"count":1,"href":"https:\/\/blogdoedvaldomagalhaes.com.br\/index.php\/wp-json\/wp\/v2\/posts\/96315\/revisions"}],"predecessor-version":[{"id":96317,"href":"https:\/\/blogdoedvaldomagalhaes.com.br\/index.php\/wp-json\/wp\/v2\/posts\/96315\/revisions\/96317"}],"wp:featuredmedia":[{"embeddable":true,"href":"https:\/\/blogdoedvaldomagalhaes.com.br\/index.php\/wp-json\/wp\/v2\/media\/96316"}],"wp:attachment":[{"href":"https:\/\/blogdoedvaldomagalhaes.com.br\/index.php\/wp-json\/wp\/v2\/media?parent=96315"}],"wp:term":[{"taxonomy":"category","embeddable":true,"href":"https:\/\/blogdoedvaldomagalhaes.com.br\/index.php\/wp-json\/wp\/v2\/categories?post=96315"},{"taxonomy":"post_tag","embeddable":true,"href":"https:\/\/blogdoedvaldomagalhaes.com.br\/index.php\/wp-json\/wp\/v2\/tags?post=96315"}],"curies":[{"name":"wp","href":"https:\/\/api.w.org\/{rel}","templated":true}]}}