{"id":96308,"date":"2023-05-18T19:01:53","date_gmt":"2023-05-18T22:01:53","guid":{"rendered":"https:\/\/blogdoedvaldomagalhaes.com.br\/?p=96308"},"modified":"2023-05-18T19:01:53","modified_gmt":"2023-05-18T22:01:53","slug":"prefeito-rodrigo-pinheiro-recebe-a-governadora-raquel-lyra-nas-comemoracoes-dos-166-anos-de-caruaru","status":"publish","type":"post","link":"https:\/\/blogdoedvaldomagalhaes.com.br\/index.php\/2023\/05\/18\/prefeito-rodrigo-pinheiro-recebe-a-governadora-raquel-lyra-nas-comemoracoes-dos-166-anos-de-caruaru\/","title":{"rendered":"Prefeito Rodrigo Pinheiro recebe a governadora Raquel Lyra nas comemora\u00e7\u00f5es dos 166 anos de Caruaru"},"content":{"rendered":"<p style=\"text-align: justify;\"><span style=\"font-size: revert;\">Quinta-feira, 18 de Maio de 2023, data comemorativa ao anivers\u00e1rio de 166 anos de Caruaru. O dia iniciou com as tradicionais festividades alusivas \u00e0 data. No in\u00edcio da manh\u00e3, o prefeito de Caruaru, Rodrigo Pinheiro, acompanhado da governadora de Pernambuco, Raquel Lyra, da vice governadora Priscilla Krause, representantes do Poder Legislativo e secret\u00e1rios estaduais e municipais fizeram o hasteamento das bandeiras na frente da sede do Poder Executivo. Em seguida, na Catedral de Nossa Senhora das Dores, padroeira da cidade, uma missa foi realizada em celebra\u00e7\u00e3o \u00e0 data.<\/span><\/p>\n<p style=\"text-align: justify;\">\u201cMuito especial comemorar mais um ano da cidade que tanto nos representa. Caruaru possui uma grandeza diferenciada, \u00e9 terra de oportunidades, cultura, gera\u00e7\u00e3o de emprego e renda, que s\u00f3 avan\u00e7a cada vez mais. Meus parab\u00e9ns a todos, que juntos fazem uma Caruaru cada vez melhor\u201d, afirmou o prefeito da cidade, Rodrigo Pinheiro.<\/p>\n<p style=\"text-align: justify;\">Para finalizar as comemora\u00e7\u00f5es da data, o tradicional Parab\u00e9ns \u00e0 Caruaru com o corte e distribui\u00e7\u00e3o do bolo de anivers\u00e1rio para a popula\u00e7\u00e3o.<\/p>\n<p style=\"text-align: justify;\">\u201cParticipar de mais um ano de comemora\u00e7\u00f5es \u00e0 cidade de Caruaru \u00e9 sempre de grande import\u00e2ncia, pois \u00e9 uma cidade que sempre ter\u00e1 um lugar especial em meu cora\u00e7\u00e3o, cidade que temos um olhar especial e que concentra um mundo de riquezas, seja na cultura, com\u00e9rcio, economia e tantos outros setores\u201d, pontuou a governadora de Pernambuco, Raquel Lyra.<\/p>\n<p style=\"text-align: justify;\">\u00a0Siga o Instagram do Blog @blogdoedvaldomagalhaes<\/p>\n\n\n<figure class=\"wp-block-image size-large\"><img loading=\"lazy\" decoding=\"async\" width=\"1024\" height=\"683\" src=\"https:\/\/blogdoedvaldomagalhaes.com.br\/wp-content\/uploads\/2023\/05\/8119975A-1C41-4E5C-816F-90500EF902A0-1024x683.jpeg\" alt=\"\" class=\"wp-image-96310\" srcset=\"https:\/\/blogdoedvaldomagalhaes.com.br\/wp-content\/uploads\/2023\/05\/8119975A-1C41-4E5C-816F-90500EF902A0-1024x683.jpeg 1024w, https:\/\/blogdoedvaldomagalhaes.com.br\/wp-content\/uploads\/2023\/05\/8119975A-1C41-4E5C-816F-90500EF902A0-300x200.jpeg 300w, https:\/\/blogdoedvaldomagalhaes.com.br\/wp-content\/uploads\/2023\/05\/8119975A-1C41-4E5C-816F-90500EF902A0-768x512.jpeg 768w, https:\/\/blogdoedvaldomagalhaes.com.br\/wp-content\/uploads\/2023\/05\/8119975A-1C41-4E5C-816F-90500EF902A0-1536x1024.jpeg 1536w, https:\/\/blogdoedvaldomagalhaes.com.br\/wp-content\/uploads\/2023\/05\/8119975A-1C41-4E5C-816F-90500EF902A0.jpeg 1599w\" sizes=\"auto, (max-width: 1024px) 100vw, 1024px\" \/><figcaption class=\"wp-element-caption\">Fotos: Elvis \u00c9dson <\/figcaption><\/figure>\n","protected":false},"excerpt":{"rendered":"<p>Quinta-feira, 18 de Maio de 2023, data comemorativa ao anivers\u00e1rio de 166 anos de Caruaru. O dia iniciou com as&hellip;<\/p>\n","protected":false},"author":1,"featured_media":96309,"comment_status":"closed","ping_status":"open","sticky":false,"template":"","format":"standard","meta":{"footnotes":""},"categories":[14122],"tags":[2,19892,3406,27571],"class_list":["post-96308","post","type-post","status-publish","format-standard","has-post-thumbnail","hentry","category-politica","tag-blog-do-edvaldo-magalhaes","tag-blog-mais-acessado-e-visualizado-de-caruaru","tag-caruaru","tag-prefeito-rodrigo-pinheiro-recebe-a-governadora-raquel-lyra-nas-comemoracoes-do-aniversario-de-caruaru"],"_links":{"self":[{"href":"https:\/\/blogdoedvaldomagalhaes.com.br\/index.php\/wp-json\/wp\/v2\/posts\/96308","targetHints":{"allow":["GET"]}}],"collection":[{"href":"https:\/\/blogdoedvaldomagalhaes.com.br\/index.php\/wp-json\/wp\/v2\/posts"}],"about":[{"href":"https:\/\/blogdoedvaldomagalhaes.com.br\/index.php\/wp-json\/wp\/v2\/types\/post"}],"author":[{"embeddable":true,"href":"https:\/\/blogdoedvaldomagalhaes.com.br\/index.php\/wp-json\/wp\/v2\/users\/1"}],"replies":[{"embeddable":true,"href":"https:\/\/blogdoedvaldomagalhaes.com.br\/index.php\/wp-json\/wp\/v2\/comments?post=96308"}],"version-history":[{"count":1,"href":"https:\/\/blogdoedvaldomagalhaes.com.br\/index.php\/wp-json\/wp\/v2\/posts\/96308\/revisions"}],"predecessor-version":[{"id":96311,"href":"https:\/\/blogdoedvaldomagalhaes.com.br\/index.php\/wp-json\/wp\/v2\/posts\/96308\/revisions\/96311"}],"wp:featuredmedia":[{"embeddable":true,"href":"https:\/\/blogdoedvaldomagalhaes.com.br\/index.php\/wp-json\/wp\/v2\/media\/96309"}],"wp:attachment":[{"href":"https:\/\/blogdoedvaldomagalhaes.com.br\/index.php\/wp-json\/wp\/v2\/media?parent=96308"}],"wp:term":[{"taxonomy":"category","embeddable":true,"href":"https:\/\/blogdoedvaldomagalhaes.com.br\/index.php\/wp-json\/wp\/v2\/categories?post=96308"},{"taxonomy":"post_tag","embeddable":true,"href":"https:\/\/blogdoedvaldomagalhaes.com.br\/index.php\/wp-json\/wp\/v2\/tags?post=96308"}],"curies":[{"name":"wp","href":"https:\/\/api.w.org\/{rel}","templated":true}]}}