{"id":96305,"date":"2023-05-18T18:20:19","date_gmt":"2023-05-18T21:20:19","guid":{"rendered":"https:\/\/blogdoedvaldomagalhaes.com.br\/?p=96305"},"modified":"2023-05-18T18:20:20","modified_gmt":"2023-05-18T21:20:20","slug":"2o-homicidio-no-aniversario-de-caruaru-homem-e-morto-dentro-da-propria-casa","status":"publish","type":"post","link":"https:\/\/blogdoedvaldomagalhaes.com.br\/index.php\/2023\/05\/18\/2o-homicidio-no-aniversario-de-caruaru-homem-e-morto-dentro-da-propria-casa\/","title":{"rendered":"2\u00ba homic\u00eddio no anivers\u00e1rio de Caruaru: Homem \u00e9 morto dentro da pr\u00f3pria casa"},"content":{"rendered":"<p style=\"text-align: justify;\">O segundo homic\u00eddio desta quinta-feira (18.05), em Caruaru, ocorreu em um primeiro andar na rua Professora Maria Vitorina, no bairro Centen\u00e1rio.\u00a0Wesley Manoel da Silva, de 26 anos, <span style=\"font-size: revert;\">estava dentro da pr\u00f3pria casa, \u00a0quando um homem chegou e efetuou disparos de arma de fogo.<\/span><\/p>\n<p style=\"text-align: justify;\">A Pol\u00edcia Militar realizou o isolamento da \u00e1rea, e \u00a0a Pol\u00edcia Civil realizou o levantamento cadav\u00e9rico. O corpo foi encaminhado para o IML.<\/p>\n<p>Este foi o 9\u2022 homic\u00eddio no m\u00eas de maio e o 59\u2022 no ano de 2023, em Caruaru.<span style=\"font-size: revert;\">\u00a0 Foto: Adielson Galv\u00e3o.<br \/>\nSiga o Instagram do Blog @blogdoedvaldomagalhaes<\/span><\/p>\n","protected":false},"excerpt":{"rendered":"<p>O segundo homic\u00eddio desta quinta-feira (18.05), em Caruaru, ocorreu em um primeiro andar na rua Professora Maria Vitorina, no bairro&hellip;<\/p>\n","protected":false},"author":1,"featured_media":96306,"comment_status":"closed","ping_status":"open","sticky":false,"template":"","format":"standard","meta":{"footnotes":""},"categories":[14121],"tags":[2,19532,3406],"class_list":["post-96305","post","type-post","status-publish","format-standard","has-post-thumbnail","hentry","category-policial","tag-blog-do-edvaldo-magalhaes","tag-blog-mais-acessado-e-visualizado-de-caruaru-e-regiao","tag-caruaru"],"_links":{"self":[{"href":"https:\/\/blogdoedvaldomagalhaes.com.br\/index.php\/wp-json\/wp\/v2\/posts\/96305","targetHints":{"allow":["GET"]}}],"collection":[{"href":"https:\/\/blogdoedvaldomagalhaes.com.br\/index.php\/wp-json\/wp\/v2\/posts"}],"about":[{"href":"https:\/\/blogdoedvaldomagalhaes.com.br\/index.php\/wp-json\/wp\/v2\/types\/post"}],"author":[{"embeddable":true,"href":"https:\/\/blogdoedvaldomagalhaes.com.br\/index.php\/wp-json\/wp\/v2\/users\/1"}],"replies":[{"embeddable":true,"href":"https:\/\/blogdoedvaldomagalhaes.com.br\/index.php\/wp-json\/wp\/v2\/comments?post=96305"}],"version-history":[{"count":1,"href":"https:\/\/blogdoedvaldomagalhaes.com.br\/index.php\/wp-json\/wp\/v2\/posts\/96305\/revisions"}],"predecessor-version":[{"id":96307,"href":"https:\/\/blogdoedvaldomagalhaes.com.br\/index.php\/wp-json\/wp\/v2\/posts\/96305\/revisions\/96307"}],"wp:featuredmedia":[{"embeddable":true,"href":"https:\/\/blogdoedvaldomagalhaes.com.br\/index.php\/wp-json\/wp\/v2\/media\/96306"}],"wp:attachment":[{"href":"https:\/\/blogdoedvaldomagalhaes.com.br\/index.php\/wp-json\/wp\/v2\/media?parent=96305"}],"wp:term":[{"taxonomy":"category","embeddable":true,"href":"https:\/\/blogdoedvaldomagalhaes.com.br\/index.php\/wp-json\/wp\/v2\/categories?post=96305"},{"taxonomy":"post_tag","embeddable":true,"href":"https:\/\/blogdoedvaldomagalhaes.com.br\/index.php\/wp-json\/wp\/v2\/tags?post=96305"}],"curies":[{"name":"wp","href":"https:\/\/api.w.org\/{rel}","templated":true}]}}