{"id":96300,"date":"2023-05-18T15:24:07","date_gmt":"2023-05-18T18:24:07","guid":{"rendered":"https:\/\/blogdoedvaldomagalhaes.com.br\/?p=96300"},"modified":"2023-05-18T15:24:07","modified_gmt":"2023-05-18T18:24:07","slug":"junior-da-saude-promove-debate-sobre-o-combate-a-exploracao-infantil-em-sao-caitano","status":"publish","type":"post","link":"https:\/\/blogdoedvaldomagalhaes.com.br\/index.php\/2023\/05\/18\/junior-da-saude-promove-debate-sobre-o-combate-a-exploracao-infantil-em-sao-caitano\/","title":{"rendered":"J\u00fanior da Sa\u00fade promove debate sobre o Combate \u00e0 Explora\u00e7\u00e3o Infantil em S\u00e3o Caitano"},"content":{"rendered":"<p style=\"text-align: justify;\"><span style=\"font-size: revert;\">No Dia Nacional de Combate \u00e0 Viol\u00eancia e Explora\u00e7\u00e3o Sexual de Crian\u00e7as e Adolescentes, o suplente de vereador J\u00fanior da Sa\u00fade, promoveu um importante debate em seu programa de r\u00e1dio &#8220;A Hora do Povo&#8221;, na cidade de S\u00e3o Caetano &#8211; PE. O objetivo do encontro foi discutir as a\u00e7\u00f5es em andamento para proteger as crian\u00e7as e adolescentes da regi\u00e3o contra a explora\u00e7\u00e3o e abusos.<\/span><\/p>\n<p style=\"text-align: justify;\">No programa, J\u00fanior recebeu a psic\u00f3loga Sabryna Paiva e a assistente social Jana\u00edna Santana como convidadas especiais. Ambas as profissionais compartilharam suas experi\u00eancias e conhecimentos sobre o tema.<\/p>\n<p style=\"text-align: justify;\">Durante o debate, J\u00fanior ressaltou a relev\u00e2ncia de os pais estarem atentos e participarem ativamente na vida de seus filhos, enfatizando a necessidade de uma rela\u00e7\u00e3o de confian\u00e7a e di\u00e1logo aberto. Al\u00e9m disso, ele destacou a import\u00e2ncia de pol\u00edticas p\u00fablicas efetivas que vem sendo desenvolvidas pela prefeitura municipal, a fim de garantir a seguran\u00e7a e o bem-estar das crian\u00e7as e adolescentes de S\u00e3o Caetano.<\/p>\n","protected":false},"excerpt":{"rendered":"<p>No Dia Nacional de Combate \u00e0 Viol\u00eancia e Explora\u00e7\u00e3o Sexual de Crian\u00e7as e Adolescentes, o suplente de vereador J\u00fanior da&hellip;<\/p>\n","protected":false},"author":1,"featured_media":96301,"comment_status":"closed","ping_status":"open","sticky":false,"template":"","format":"standard","meta":{"footnotes":""},"categories":[14122],"tags":[2,19892],"class_list":["post-96300","post","type-post","status-publish","format-standard","has-post-thumbnail","hentry","category-politica","tag-blog-do-edvaldo-magalhaes","tag-blog-mais-acessado-e-visualizado-de-caruaru"],"_links":{"self":[{"href":"https:\/\/blogdoedvaldomagalhaes.com.br\/index.php\/wp-json\/wp\/v2\/posts\/96300","targetHints":{"allow":["GET"]}}],"collection":[{"href":"https:\/\/blogdoedvaldomagalhaes.com.br\/index.php\/wp-json\/wp\/v2\/posts"}],"about":[{"href":"https:\/\/blogdoedvaldomagalhaes.com.br\/index.php\/wp-json\/wp\/v2\/types\/post"}],"author":[{"embeddable":true,"href":"https:\/\/blogdoedvaldomagalhaes.com.br\/index.php\/wp-json\/wp\/v2\/users\/1"}],"replies":[{"embeddable":true,"href":"https:\/\/blogdoedvaldomagalhaes.com.br\/index.php\/wp-json\/wp\/v2\/comments?post=96300"}],"version-history":[{"count":1,"href":"https:\/\/blogdoedvaldomagalhaes.com.br\/index.php\/wp-json\/wp\/v2\/posts\/96300\/revisions"}],"predecessor-version":[{"id":96302,"href":"https:\/\/blogdoedvaldomagalhaes.com.br\/index.php\/wp-json\/wp\/v2\/posts\/96300\/revisions\/96302"}],"wp:featuredmedia":[{"embeddable":true,"href":"https:\/\/blogdoedvaldomagalhaes.com.br\/index.php\/wp-json\/wp\/v2\/media\/96301"}],"wp:attachment":[{"href":"https:\/\/blogdoedvaldomagalhaes.com.br\/index.php\/wp-json\/wp\/v2\/media?parent=96300"}],"wp:term":[{"taxonomy":"category","embeddable":true,"href":"https:\/\/blogdoedvaldomagalhaes.com.br\/index.php\/wp-json\/wp\/v2\/categories?post=96300"},{"taxonomy":"post_tag","embeddable":true,"href":"https:\/\/blogdoedvaldomagalhaes.com.br\/index.php\/wp-json\/wp\/v2\/tags?post=96300"}],"curies":[{"name":"wp","href":"https:\/\/api.w.org\/{rel}","templated":true}]}}