{"id":96291,"date":"2023-05-17T20:43:21","date_gmt":"2023-05-17T23:43:21","guid":{"rendered":"https:\/\/blogdoedvaldomagalhaes.com.br\/?p=96291"},"modified":"2023-05-17T20:50:06","modified_gmt":"2023-05-17T23:50:06","slug":"obra-de-maria-leva-milhares-de-peregrinos-a-terra-santa-no-congresso-de-pentecostes","status":"publish","type":"post","link":"https:\/\/blogdoedvaldomagalhaes.com.br\/index.php\/2023\/05\/17\/obra-de-maria-leva-milhares-de-peregrinos-a-terra-santa-no-congresso-de-pentecostes\/","title":{"rendered":"Obra de Maria leva milhares de peregrinos \u00e0 Terra Santa no Congresso de Pentecostes"},"content":{"rendered":"<p style=\"text-align: justify;\">No ano em que completa 33 anos, a Comunidade Obra de Maria est\u00e1 promovendo um grande encontro na Terra Santa, em Jerusal\u00e9m, onde cerca de 2.700 pessoas v\u00e3o visitar os templos sagrados e participar do 11\u00ba Congresso Pentecostes, que reunir\u00e1 grandes lideran\u00e7as cat\u00f3licas do mundo. O congresso acontece de 26 a 28 de maio e ter\u00e1 ampla programa\u00e7\u00e3o lit\u00fargica e shows especiais com padres-cantores.<\/p>\n<p style=\"text-align: justify;\">O Muro das Lamenta\u00e7\u00f5es, na Terra Santa, receber\u00e1 shows de F\u00e1bio de Melo, Frei Gilson, Reginaldo Manzotti, a cantora Elba Ramalho e apresenta\u00e7\u00e3o da Orquestra Crian\u00e7a Cidad\u00e3, e os fi\u00e9is poder\u00e3o participar tamb\u00e9m de missas, momentos de vig\u00edlia e uma prociss\u00e3o luminosa de Pentecostes pelas ruas da cidade. A renda do evento ser\u00e1 destinada \u00e0s obras sociais da Obra de Maria na \u00c1frica.<\/p>\n<p style=\"text-align: justify;\">A programa\u00e7\u00e3o do 11\u00ba Congresso Internacional de Pentecostes onde fica o Muro das Lamenta\u00e7\u00f5es come\u00e7a com as confer\u00eancias da palestrante Patti Mansfield, seguido pelo Padre Reginaldo Manzotti e do te\u00f3logo Prado Flores, al\u00e9m de uma missa celebrada pelo Dom Ruy, da Diocese de Caruaru.<\/p>\n<p style=\"text-align: justify;\">No primeiro dia do congresso, a acolhida aos peregrinos se dar\u00e1 com a Prociss\u00e3o das velas dos campos dos Pastores, com o tema \u201cCom Maria rumo a Pentecostes\u201d, seguido por shows de Padre Reginaldo Manzotti, Padre F\u00e1bio de Melo com participa\u00e7\u00e3o especial de Elba Ramalho, Irm\u00e3 Kelly Patr\u00edcia, Frei Josu\u00e9, Ironi Spuldaro, Frei Gilson e momentos de adora\u00e7\u00e3o com Patti Mansfield, Padre Pablo, Irm\u00e3 Briege Mckenna e Katia Roldi.<\/p>\n<p style=\"text-align: justify;\">O segundo dia se inicia com confer\u00eancias da Irm\u00e3 Briege Mckenna, Padre Pablo, Padre F\u00e1bio de Melo, missa presidida por Dom Lucena, da Diocese de Nazar\u00e9 da Mata, seguido por shows da Orquestra Crian\u00e7a Cidad\u00e3, Dunga, Paula Guimar\u00e3es, Domingos S\u00e1vio, Fabiana Paula, Frei Gilson, Irm\u00e3 Kelly Patr\u00edcia, Padres Reginaldo Manzotti e F\u00e1bio de Melo, encerrando com uma Homenagem a Padre Jonas Abib, um dos fundadores da comunidade cat\u00f3lica Can\u00e7\u00e3o Nova.<\/p>\n<p><strong>HIST\u00d3RIA<\/strong><\/p>\n<p style=\"text-align: justify;\">Antes participarem do congresso, os peregrinos v\u00e3o acompanhar o roteiro especial organizado pela Obra de Maria pela Terra Santa. Formada pelos pa\u00edses Israel, Cisjord\u00e2nia e Jord\u00e2nia, a Terra Santa tem lugares especiais para quem quiser conhecer a hist\u00f3ria e cultura e viver a religiosidade, de forma profunda e representativa. Por isso, tornou-se o maior roteiro das peregrina\u00e7\u00f5es organizadas pela Obra de Maria. Nesta viagem, as peregrina\u00e7\u00f5es come\u00e7am na cidade de Tel Aviv, capital de Israel, onde j\u00e1 se identifica o estilo moderno da cidade, patrim\u00f4nio mundial da Unesco, famoso por sua arquitetura de pr\u00e9dios retos que abriga bares, restaurantes e centros empresariais.<\/p>\n<p style=\"text-align: justify;\">Ao seguir para as \u00e1reas hist\u00f3ricas de Israel, est\u00e1 a cidade de Nazar\u00e9, como Can\u00e1 da Galil\u00e9ia, onde historicamente Jesus transformou \u00e1gua em vinho. Na cidade encontra-se a Bas\u00edlica da Anuncia\u00e7\u00e3o, local onde Maria soube, atrav\u00e9s do Anjo Gabriel, que seria a m\u00e3e de Jesus, e que se destaca na paisagem por sua constru\u00e7\u00e3o hist\u00f3rica e sinuosa. Bem pr\u00f3ximo existe a Igreja de S\u00e3o Jos\u00e9, onde Jesus aprendeu os of\u00edcios da carpintaria. Ambos s\u00e3o templos sagrados mencionados na hist\u00f3ria crist\u00e3.<\/p>\n<p style=\"text-align: justify;\">Atravessando o mar da Galil\u00e9ia, \u00e9 poss\u00edvel chegar ao Monte das Bem-Aventuran\u00e7as, com jardins majestosos e uma igreja em formato octogonal com mosaicos que, historicamente, representam a f\u00e9, esperan\u00e7a e caridade que Jesus transmitiu quando pregou o Serm\u00e3o da Montanha no local.<\/p>\n<p style=\"text-align: justify;\">A visita continua pela costa do mar da Galil\u00e9ia, em Tabgha, que guarda na mem\u00f3ria o milagre da multiplica\u00e7\u00e3o dos p\u00e3es e o encontro de Jesus com seus disc\u00edpulos. J\u00e1 na fronteira entre Israel e a Jord\u00e2nia, os peregrinos podem ter suas promessas de batismo renovadas no Rio Jord\u00e3o.<\/p>\n<p style=\"text-align: justify;\">Em Bel\u00e9m, na regi\u00e3o central da Cisjord\u00e2nia, o passeio se estende ao sagrado local onde Jesus nasceu, sendo uma parada obrigat\u00f3ria para os visitantes. Seguindo para Jerusal\u00e9m, capital do pa\u00eds israelense, \u00e9 poss\u00edvel reviver os passos de Jesus atrav\u00e9s da Bas\u00edlica da Natividade e do Santo Sepulcro, onde Jesus foi crucificado, sepultado e ressuscitado.<\/p>\n<p style=\"text-align: justify;\">O final da peregrina\u00e7\u00e3o \u00e9 marcado pela visita ao Monte das Oliveiras, localizado no leste da Cidade Antiga de Jerusal\u00e9m, com o jardim do Gets\u00eamani e as \u00e1rvores das Olivas. \u00c0 tarde, o Muro das Lamenta\u00e7\u00f5es recebe o maior Congresso Internacional de Pentecostes.<\/p>\n<p style=\"text-align: justify;\"><strong>OBRA DE MARIA<\/strong><\/p>\n<p style=\"text-align: justify;\">Levando em seu carisma e em seu nome os ensinamentos da mais importante figura feminina da religi\u00e3o, Maria, a comunidade se une em defesa dos mais vulner\u00e1veis, arrecadando fundos atrav\u00e9s de peregrina\u00e7\u00f5es, obras sociais e evangelizadoras em 44 pa\u00edses, sendo 24 na \u00c1frica, e organiza\u00e7\u00e3o de eventos, como o congresso.<\/p>\n<p style=\"text-align: justify;\">Fundada por Gilberto Barbosa e por Maria Salom\u00e9, a comunidade existe h\u00e1 33 anos e tem sede em Pernambuco. O que come\u00e7ou com um grupo pequeno de sete jovens, transformou-se em um projeto evangelizador reconhecido pelo Vaticano e sua autoridade m\u00e1xima da religi\u00e3o cat\u00f3lica, o Papa Francisco.<\/p>\n<p style=\"text-align: justify;\">A conviv\u00eancia di\u00e1ria dos mission\u00e1rios \u00e9 marcada por fazer o bem com a alegria que a Virgem Maria exaltava em suas diretrizes. Atrav\u00e9s de atividades como retiros, cursos, assist\u00eancias a dependentes qu\u00edmicos, atividades art\u00edsticas e miss\u00f5es, a Obra de Maria promove a busca pela qualidade de vida e dignidade a quem mais precisa.<\/p>\n<p style=\"text-align: justify;\">Siga o Instagram do Blog @blogdoedvaldomagalhaes<\/p>\n","protected":false},"excerpt":{"rendered":"<p>No ano em que completa 33 anos, a Comunidade Obra de Maria est\u00e1 promovendo um grande encontro na Terra Santa,&hellip;<\/p>\n","protected":false},"author":1,"featured_media":96292,"comment_status":"closed","ping_status":"open","sticky":false,"template":"","format":"standard","meta":{"footnotes":""},"categories":[14120],"tags":[2,19892,3406,27569],"class_list":["post-96291","post","type-post","status-publish","format-standard","has-post-thumbnail","hentry","category-noticias","tag-blog-do-edvaldo-magalhaes","tag-blog-mais-acessado-e-visualizado-de-caruaru","tag-caruaru","tag-obra-de-maria-leva-milhares-de-peregrinos-a-terra-santa-no-congresso-de-pentecostes"],"_links":{"self":[{"href":"https:\/\/blogdoedvaldomagalhaes.com.br\/index.php\/wp-json\/wp\/v2\/posts\/96291","targetHints":{"allow":["GET"]}}],"collection":[{"href":"https:\/\/blogdoedvaldomagalhaes.com.br\/index.php\/wp-json\/wp\/v2\/posts"}],"about":[{"href":"https:\/\/blogdoedvaldomagalhaes.com.br\/index.php\/wp-json\/wp\/v2\/types\/post"}],"author":[{"embeddable":true,"href":"https:\/\/blogdoedvaldomagalhaes.com.br\/index.php\/wp-json\/wp\/v2\/users\/1"}],"replies":[{"embeddable":true,"href":"https:\/\/blogdoedvaldomagalhaes.com.br\/index.php\/wp-json\/wp\/v2\/comments?post=96291"}],"version-history":[{"count":3,"href":"https:\/\/blogdoedvaldomagalhaes.com.br\/index.php\/wp-json\/wp\/v2\/posts\/96291\/revisions"}],"predecessor-version":[{"id":96296,"href":"https:\/\/blogdoedvaldomagalhaes.com.br\/index.php\/wp-json\/wp\/v2\/posts\/96291\/revisions\/96296"}],"wp:featuredmedia":[{"embeddable":true,"href":"https:\/\/blogdoedvaldomagalhaes.com.br\/index.php\/wp-json\/wp\/v2\/media\/96292"}],"wp:attachment":[{"href":"https:\/\/blogdoedvaldomagalhaes.com.br\/index.php\/wp-json\/wp\/v2\/media?parent=96291"}],"wp:term":[{"taxonomy":"category","embeddable":true,"href":"https:\/\/blogdoedvaldomagalhaes.com.br\/index.php\/wp-json\/wp\/v2\/categories?post=96291"},{"taxonomy":"post_tag","embeddable":true,"href":"https:\/\/blogdoedvaldomagalhaes.com.br\/index.php\/wp-json\/wp\/v2\/tags?post=96291"}],"curies":[{"name":"wp","href":"https:\/\/api.w.org\/{rel}","templated":true}]}}