{"id":96287,"date":"2023-05-17T17:05:23","date_gmt":"2023-05-17T20:05:23","guid":{"rendered":"https:\/\/blogdoedvaldomagalhaes.com.br\/?p=96287"},"modified":"2023-05-17T17:05:24","modified_gmt":"2023-05-17T20:05:24","slug":"unidade-basica-de-saude-ubs-de-terra-vermelha-e-entregue-a-populacao-apos-reforma-e-ampliacao","status":"publish","type":"post","link":"https:\/\/blogdoedvaldomagalhaes.com.br\/index.php\/2023\/05\/17\/unidade-basica-de-saude-ubs-de-terra-vermelha-e-entregue-a-populacao-apos-reforma-e-ampliacao\/","title":{"rendered":"Unidade B\u00e1sica de Sa\u00fade (UBS) de Terra Vermelha \u00e9 entregue a Popula\u00e7\u00e3o ap\u00f3s Reforma e Amplia\u00e7\u00e3o"},"content":{"rendered":"<p style=\"text-align: justify;\"><span style=\"font-size: revert; color: initial;\">Na ter\u00e7a-feira (16), foi entrega a reforma e amplia\u00e7\u00e3o da Unidade B\u00e1sica de Sa\u00fade (UBS) de Terra Vermelha, na zona rural do munic\u00edpio. Com as melhorias, o equipamento atender\u00e1 com mais dignidade e conforto, as mais de duas mil pessoas assistidas pela \u00e1rea de abrang\u00eancia da UBS, que compreende os s\u00edtios: Goiabeira, Gruta Funda, Baixio, Vertentes, Pitombeira, Brejo Velho, Estivas, Brejo Novo e Brejo da Mulata. A m\u00e9dia de atendimentos no local \u00e9 de 350 por m\u00eas.<\/span><\/p>\n<p style=\"text-align: justify;\">O autor da propositura, o vereador Leonardo Chaves, contou um pouco da hist\u00f3ria da UBS e elogiou a iniciativa do prefeito. \u201cO vereador transmite ao executivo os pedidos da popula\u00e7\u00e3o e Rodrigo Pinheiro tem chegado em todos os lugares de Caruaru, da cidade e da zona rural, e hoje est\u00e1 aqui, fazendo a entrega da reforma da UBS que \u00e9 t\u00e3o importante para a popula\u00e7\u00e3o\u201d, discursou Leonardo.<br \/>\n\u201cEstamos entregando a requalifica\u00e7\u00e3o da UBS de Terra Vermelha, depois de dez anos sem passar por reforma. Fizemos esse investimento trazendo mais profissionais, dando mais qualidade para quem atende os usu\u00e1rios, diminuindo a dist\u00e2ncia entre a popula\u00e7\u00e3o e os servi\u00e7os da sa\u00fade\u201d, ressaltou o prefeito de Caruaru, Rodrigo Pinheiro.<br \/>\nA sala de vacina\u00e7\u00e3o passou por melhorias e no local foram constru\u00eddos tr\u00eas consult\u00f3rios m\u00e9dicos, al\u00e9m de sala de procedimento, um espa\u00e7o para atividade f\u00edsica e educativa, \u00e1rea de servi\u00e7o e recep\u00e7\u00e3o. Foram criados tamb\u00e9m o consult\u00f3rio multiprofissional e a sala dos agentes comunit\u00e1rios de sa\u00fade. O valor investido na obra foi de R$ 55.601,21.<br \/>\nNa UBS de Terra Vermelha s\u00e3o ofertados os servi\u00e7os de consulta de enfermagem, consulta m\u00e9dica, vacina\u00e7\u00e3o, curativos, coletas de exames laboratoriais, testes r\u00e1pidos, entrega de medica\u00e7\u00e3o, citologia, acompanhamento da gestante e do beb\u00ea (pr\u00e9-natal e puericultura) e conta tamb\u00e9m com a atua\u00e7\u00e3o de grupos de educa\u00e7\u00e3o em sa\u00fade. Na estrutura trabalham 14 servidores da sa\u00fade, entre eles, m\u00e9dico, enfermeira, dentista, t\u00e9cnica de enfermagem, t\u00e9cnica de sa\u00fade bucal, agentes comunit\u00e1rios de sa\u00fade, recepcionista, motorista e auxiliar de servi\u00e7os gerais. O local funciona de segunda \u00e0 sexta, das 08h \u00e0s 15h30.<\/p>\n<p style=\"text-align: justify;\">Por Paulo Nailson.<\/p>\n<p style=\"text-align: justify;\">Siga o Instagram do Blog @blogdoedvaldomagalhaes<\/p>\n","protected":false},"excerpt":{"rendered":"<p>Na ter\u00e7a-feira (16), foi entrega a reforma e amplia\u00e7\u00e3o da Unidade B\u00e1sica de Sa\u00fade (UBS) de Terra Vermelha, na zona&hellip;<\/p>\n","protected":false},"author":1,"featured_media":96288,"comment_status":"closed","ping_status":"open","sticky":false,"template":"","format":"standard","meta":{"footnotes":""},"categories":[14122],"tags":[2,19532,3406,27568],"class_list":["post-96287","post","type-post","status-publish","format-standard","has-post-thumbnail","hentry","category-politica","tag-blog-do-edvaldo-magalhaes","tag-blog-mais-acessado-e-visualizado-de-caruaru-e-regiao","tag-caruaru","tag-unidade-basica-de-saude-ubs-de-terra-vermelha-e-entregue-a-populacao-apos-reforma-e-ampliacao"],"_links":{"self":[{"href":"https:\/\/blogdoedvaldomagalhaes.com.br\/index.php\/wp-json\/wp\/v2\/posts\/96287","targetHints":{"allow":["GET"]}}],"collection":[{"href":"https:\/\/blogdoedvaldomagalhaes.com.br\/index.php\/wp-json\/wp\/v2\/posts"}],"about":[{"href":"https:\/\/blogdoedvaldomagalhaes.com.br\/index.php\/wp-json\/wp\/v2\/types\/post"}],"author":[{"embeddable":true,"href":"https:\/\/blogdoedvaldomagalhaes.com.br\/index.php\/wp-json\/wp\/v2\/users\/1"}],"replies":[{"embeddable":true,"href":"https:\/\/blogdoedvaldomagalhaes.com.br\/index.php\/wp-json\/wp\/v2\/comments?post=96287"}],"version-history":[{"count":1,"href":"https:\/\/blogdoedvaldomagalhaes.com.br\/index.php\/wp-json\/wp\/v2\/posts\/96287\/revisions"}],"predecessor-version":[{"id":96289,"href":"https:\/\/blogdoedvaldomagalhaes.com.br\/index.php\/wp-json\/wp\/v2\/posts\/96287\/revisions\/96289"}],"wp:featuredmedia":[{"embeddable":true,"href":"https:\/\/blogdoedvaldomagalhaes.com.br\/index.php\/wp-json\/wp\/v2\/media\/96288"}],"wp:attachment":[{"href":"https:\/\/blogdoedvaldomagalhaes.com.br\/index.php\/wp-json\/wp\/v2\/media?parent=96287"}],"wp:term":[{"taxonomy":"category","embeddable":true,"href":"https:\/\/blogdoedvaldomagalhaes.com.br\/index.php\/wp-json\/wp\/v2\/categories?post=96287"},{"taxonomy":"post_tag","embeddable":true,"href":"https:\/\/blogdoedvaldomagalhaes.com.br\/index.php\/wp-json\/wp\/v2\/tags?post=96287"}],"curies":[{"name":"wp","href":"https:\/\/api.w.org\/{rel}","templated":true}]}}