{"id":96283,"date":"2023-05-17T15:18:21","date_gmt":"2023-05-17T18:18:21","guid":{"rendered":"https:\/\/blogdoedvaldomagalhaes.com.br\/?p=96283"},"modified":"2023-05-17T15:18:22","modified_gmt":"2023-05-17T18:18:22","slug":"operacao-roda-de-fogo-em-109-cidades-apreende-motos-carros-celulares-drogas-e-armas","status":"publish","type":"post","link":"https:\/\/blogdoedvaldomagalhaes.com.br\/index.php\/2023\/05\/17\/operacao-roda-de-fogo-em-109-cidades-apreende-motos-carros-celulares-drogas-e-armas\/","title":{"rendered":"Opera\u00e7\u00e3o Roda de Fogo em 109 cidades apreende motos, carros, celulares, drogas e armas"},"content":{"rendered":"<p style=\"text-align: justify;\"><span style=\"color: initial; font-size: revert;\">Em uma mobiliza\u00e7\u00e3o que envolveu todas as \u00c1reas Integradas de Seguran\u00e7a da Zona da Mata e do Agreste, coordenadas pela Diretoria Integrada do Interior 1 (Dinter-1), foi realizada, ter\u00e7a-feira (16\/05), das 7h \u00e0s 23h, a Opera\u00e7\u00e3o Roda de Fogo, em 109 munic\u00edpios das regi\u00f5es. O objetivo foi apreender ve\u00edculos irregulares, drogas e armas de fogo.<\/span><\/p>\n<p style=\"text-align: justify;\">A opera\u00e7\u00e3o, que contou com apoio das guardas municipais das cidades envolvidas, teve como objetivo a preven\u00e7\u00e3o de delitos nas principais vias de grande tr\u00e1fego e cruzamentos, sem prejudicar a fluidez do tr\u00e1fego.<\/p>\n<p style=\"text-align: justify;\">O efetivo realizou pontos de bloqueio e abordagens, trazendo como resultado: apreens\u00e3o de 12 armas brancas, duas armas artesanais, uma arma industrial e 11 carros. Dois carros, 12 motos e 44 celulares roubados foram recuperados. Foram 24 pontos de tr\u00e1fico debelados, nove mandados de pris\u00e3o cumpridos e 210 ve\u00edculos recolhidos administrativamente. Foto: Divulga\u00e7\u00e3o\/PMPE.<\/p>\n<p style=\"text-align: justify;\">Siga o Instagram do Blog @blogdoedvaldomagalhaes<\/p>\n\n\n<figure class=\"wp-block-image size-large\"><img loading=\"lazy\" decoding=\"async\" width=\"1024\" height=\"768\" src=\"https:\/\/blogdoedvaldomagalhaes.com.br\/wp-content\/uploads\/2023\/05\/IMG-20230517-WA0123-1024x768.jpg\" alt=\"\" class=\"wp-image-96285\" srcset=\"https:\/\/blogdoedvaldomagalhaes.com.br\/wp-content\/uploads\/2023\/05\/IMG-20230517-WA0123-1024x768.jpg 1024w, https:\/\/blogdoedvaldomagalhaes.com.br\/wp-content\/uploads\/2023\/05\/IMG-20230517-WA0123-300x225.jpg 300w, https:\/\/blogdoedvaldomagalhaes.com.br\/wp-content\/uploads\/2023\/05\/IMG-20230517-WA0123-768x576.jpg 768w, https:\/\/blogdoedvaldomagalhaes.com.br\/wp-content\/uploads\/2023\/05\/IMG-20230517-WA0123-1536x1152.jpg 1536w, https:\/\/blogdoedvaldomagalhaes.com.br\/wp-content\/uploads\/2023\/05\/IMG-20230517-WA0123-160x120.jpg 160w, https:\/\/blogdoedvaldomagalhaes.com.br\/wp-content\/uploads\/2023\/05\/IMG-20230517-WA0123.jpg 1600w\" sizes=\"auto, (max-width: 1024px) 100vw, 1024px\" \/><figcaption class=\"wp-element-caption\">Fotos: Divulga\u00e7\u00e3o\/PMPE<\/figcaption><\/figure>\n","protected":false},"excerpt":{"rendered":"<p>Em uma mobiliza\u00e7\u00e3o que envolveu todas as \u00c1reas Integradas de Seguran\u00e7a da Zona da Mata e do Agreste, coordenadas pela&hellip;<\/p>\n","protected":false},"author":1,"featured_media":96284,"comment_status":"closed","ping_status":"open","sticky":false,"template":"","format":"standard","meta":{"footnotes":""},"categories":[14121],"tags":[2,19532,3406,27567],"class_list":["post-96283","post","type-post","status-publish","format-standard","has-post-thumbnail","hentry","category-policial","tag-blog-do-edvaldo-magalhaes","tag-blog-mais-acessado-e-visualizado-de-caruaru-e-regiao","tag-caruaru","tag-operacao-roda-de-fogo-em-109-cidades-apreende-motos-carros-celulares-drogas"],"_links":{"self":[{"href":"https:\/\/blogdoedvaldomagalhaes.com.br\/index.php\/wp-json\/wp\/v2\/posts\/96283","targetHints":{"allow":["GET"]}}],"collection":[{"href":"https:\/\/blogdoedvaldomagalhaes.com.br\/index.php\/wp-json\/wp\/v2\/posts"}],"about":[{"href":"https:\/\/blogdoedvaldomagalhaes.com.br\/index.php\/wp-json\/wp\/v2\/types\/post"}],"author":[{"embeddable":true,"href":"https:\/\/blogdoedvaldomagalhaes.com.br\/index.php\/wp-json\/wp\/v2\/users\/1"}],"replies":[{"embeddable":true,"href":"https:\/\/blogdoedvaldomagalhaes.com.br\/index.php\/wp-json\/wp\/v2\/comments?post=96283"}],"version-history":[{"count":1,"href":"https:\/\/blogdoedvaldomagalhaes.com.br\/index.php\/wp-json\/wp\/v2\/posts\/96283\/revisions"}],"predecessor-version":[{"id":96286,"href":"https:\/\/blogdoedvaldomagalhaes.com.br\/index.php\/wp-json\/wp\/v2\/posts\/96283\/revisions\/96286"}],"wp:featuredmedia":[{"embeddable":true,"href":"https:\/\/blogdoedvaldomagalhaes.com.br\/index.php\/wp-json\/wp\/v2\/media\/96284"}],"wp:attachment":[{"href":"https:\/\/blogdoedvaldomagalhaes.com.br\/index.php\/wp-json\/wp\/v2\/media?parent=96283"}],"wp:term":[{"taxonomy":"category","embeddable":true,"href":"https:\/\/blogdoedvaldomagalhaes.com.br\/index.php\/wp-json\/wp\/v2\/categories?post=96283"},{"taxonomy":"post_tag","embeddable":true,"href":"https:\/\/blogdoedvaldomagalhaes.com.br\/index.php\/wp-json\/wp\/v2\/tags?post=96283"}],"curies":[{"name":"wp","href":"https:\/\/api.w.org\/{rel}","templated":true}]}}