{"id":96273,"date":"2023-05-17T12:58:42","date_gmt":"2023-05-17T15:58:42","guid":{"rendered":"https:\/\/blogdoedvaldomagalhaes.com.br\/?p=96273"},"modified":"2023-05-17T14:56:28","modified_gmt":"2023-05-17T17:56:28","slug":"icia-realiza-caminhada-pela-vida-no-feriado-do-aniversario-de-caruaru","status":"publish","type":"post","link":"https:\/\/blogdoedvaldomagalhaes.com.br\/index.php\/2023\/05\/17\/icia-realiza-caminhada-pela-vida-no-feriado-do-aniversario-de-caruaru\/","title":{"rendered":"Icia realiza Caminhada Pela Vida no feriado do anivers\u00e1rio de Caruaru"},"content":{"rendered":"<p style=\"text-align: justify;\"><span style=\"color: initial; font-size: revert;\">O Instituto do C\u00e2ncer Infantil do Agreste, ICIA, est\u00e1 preparado para caminhar pela vida. Com pacientes, familiares, amigos e apoiadores o instituto d\u00e1 in\u00edcio ao evento \u00e0s 14h. A concentra\u00e7\u00e3o ser\u00e1 na Pra\u00e7a da Crian\u00e7a, com momento de recrea\u00e7\u00e3o, pintura de rosto, turma de personagens, mascotes do Icia, vendas de camisas e muito mais.<\/span><\/p>\n<p style=\"text-align: justify;\">A caminhada segue pela Rua Frei Caneca, passando pela Esta\u00e7\u00e3o Ferrovi\u00e1ria, at\u00e9 a Rua S\u00e3o Paulo que fica pr\u00f3ximo ao Est\u00e1dio Lacerd\u00e3o. No primeiro trio el\u00e9trico se apresenta Rosimar Lemos, seguida por outro ve\u00edculo com apresenta\u00e7\u00e3o de Douglas Leon. Quando chegar ao destino, \u00e9 a vez dos caminhantes curtirem o som de Klever Lemos.<\/p>\n<p style=\"text-align: justify;\">Quem quiser comprar as camisas, elas continuar\u00e3o sendo vendidas no local do evento pelo mesmo valor: R$25. As bandanas dos pets tamb\u00e9m ser\u00e3o vendidas na concentra\u00e7\u00e3o pelo valor de R$10. Os bichinhos poder\u00e3o contar com um ponto de apoio, com \u00e1gua e ra\u00e7\u00e3o.<\/p>\n<p style=\"text-align: justify;\">Esse \u00e9 um evento tradicional da institui\u00e7\u00e3o, mas ficou tr\u00eas anos sem ser realizada devido \u00e0 pandemia. Todo dinheiro arrecadado ser\u00e1 revertido para o diagn\u00f3stico e tratamento de pacientes com leucemia. Foto: Divulga\u00e7\u00e3o.<\/p>\n<p style=\"text-align: justify;\">Siga o Instagram do Blog @blogdoedvaldomagalhaes<\/p>\n","protected":false},"excerpt":{"rendered":"<p>O Instituto do C\u00e2ncer Infantil do Agreste, ICIA, est\u00e1 preparado para caminhar pela vida. Com pacientes, familiares, amigos e apoiadores&hellip;<\/p>\n","protected":false},"author":1,"featured_media":96274,"comment_status":"closed","ping_status":"open","sticky":false,"template":"","format":"standard","meta":{"footnotes":""},"categories":[14120],"tags":[2,19532,3406,27566],"class_list":["post-96273","post","type-post","status-publish","format-standard","has-post-thumbnail","hentry","category-noticias","tag-blog-do-edvaldo-magalhaes","tag-blog-mais-acessado-e-visualizado-de-caruaru-e-regiao","tag-caruaru","tag-icia-realiza-caminhada-pela-vida-no-feriado-do-aniversario-de-caruaru"],"_links":{"self":[{"href":"https:\/\/blogdoedvaldomagalhaes.com.br\/index.php\/wp-json\/wp\/v2\/posts\/96273","targetHints":{"allow":["GET"]}}],"collection":[{"href":"https:\/\/blogdoedvaldomagalhaes.com.br\/index.php\/wp-json\/wp\/v2\/posts"}],"about":[{"href":"https:\/\/blogdoedvaldomagalhaes.com.br\/index.php\/wp-json\/wp\/v2\/types\/post"}],"author":[{"embeddable":true,"href":"https:\/\/blogdoedvaldomagalhaes.com.br\/index.php\/wp-json\/wp\/v2\/users\/1"}],"replies":[{"embeddable":true,"href":"https:\/\/blogdoedvaldomagalhaes.com.br\/index.php\/wp-json\/wp\/v2\/comments?post=96273"}],"version-history":[{"count":2,"href":"https:\/\/blogdoedvaldomagalhaes.com.br\/index.php\/wp-json\/wp\/v2\/posts\/96273\/revisions"}],"predecessor-version":[{"id":96276,"href":"https:\/\/blogdoedvaldomagalhaes.com.br\/index.php\/wp-json\/wp\/v2\/posts\/96273\/revisions\/96276"}],"wp:featuredmedia":[{"embeddable":true,"href":"https:\/\/blogdoedvaldomagalhaes.com.br\/index.php\/wp-json\/wp\/v2\/media\/96274"}],"wp:attachment":[{"href":"https:\/\/blogdoedvaldomagalhaes.com.br\/index.php\/wp-json\/wp\/v2\/media?parent=96273"}],"wp:term":[{"taxonomy":"category","embeddable":true,"href":"https:\/\/blogdoedvaldomagalhaes.com.br\/index.php\/wp-json\/wp\/v2\/categories?post=96273"},{"taxonomy":"post_tag","embeddable":true,"href":"https:\/\/blogdoedvaldomagalhaes.com.br\/index.php\/wp-json\/wp\/v2\/tags?post=96273"}],"curies":[{"name":"wp","href":"https:\/\/api.w.org\/{rel}","templated":true}]}}